{"id":1031,"date":"2022-04-20T17:10:52","date_gmt":"2022-04-20T21:10:52","guid":{"rendered":"https:\/\/radioparquecde.com\/?p=1031"},"modified":"2022-04-20T17:10:54","modified_gmt":"2022-04-20T21:10:54","slug":"ladron-en-silla-de-ruedas-fue-preso-por-entrar-a-hurtar-en-un-comercio","status":"publish","type":"post","link":"https:\/\/radioparquecde.com\/index.php\/2022\/04\/20\/ladron-en-silla-de-ruedas-fue-preso-por-entrar-a-hurtar-en-un-comercio\/","title":{"rendered":"Ladr\u00f3n en silla de ruedas fue preso por entrar a hurtar en un comercio"},"content":{"rendered":"\n<p>PRESIDENTE FRANCO. El no contar con las piernas y movilizarse en una silla de ruedas no fueron impedimento para que Wilson Qui\u00f1onez Villar (32) ingrese en un comercio a hurtar durante la madrugada de este mi\u00e9rcoles, en la zona c\u00e9ntrica. <\/p>\n\n\n\n<p>Por su particular caracter\u00edstica fue r\u00e1pidamente reconocido por im\u00e1genes de seguridad y preso por la Polic\u00eda. De su poder fueron recuperados un microondas y una computadora de mesa hurtadas del local Windnet S.A. <\/p>\n\n\n\n<p>El hombre cuenta con tres antecedentes por hurto agravado de la \u00e9poca que todav\u00eda ten\u00eda piernas. Dijo que rob\u00f3 por necesidad y porque estaba borracho. Pidi\u00f3 disculpas a la gente que suele ayudarle, culpando al Gobierno de no darle posibilidades para subsistir. <\/p>\n\n\n\n<p>El mismo suele pedir dinero en el sem\u00e1foro ubicado sobre la avenida Monday y Bernardino Caballero.<\/p>\n\n\n\n<figure class=\"wp-block-image size-full\"><img loading=\"lazy\" decoding=\"async\" width=\"961\" height=\"490\" src=\"https:\/\/radioparquecde.com\/wp-content\/uploads\/2022\/04\/capture-20220420-170812.png\" alt=\"\" class=\"wp-image-1033\" srcset=\"https:\/\/radioparquecde.com\/wp-content\/uploads\/2022\/04\/capture-20220420-170812.png 961w, https:\/\/radioparquecde.com\/wp-content\/uploads\/2022\/04\/capture-20220420-170812-300x153.png 300w, https:\/\/radioparquecde.com\/wp-content\/uploads\/2022\/04\/capture-20220420-170812-768x392.png 768w\" sizes=\"auto, (max-width: 961px) 100vw, 961px\" \/><\/figure>\n\n\n\n<p><\/p>\n","protected":false},"excerpt":{"rendered":"<p>PRESIDENTE FRANCO. El no contar con las piernas y movilizarse en una silla de ruedas&#8230;<\/p>\n","protected":false},"author":3,"featured_media":1034,"comment_status":"closed","ping_status":"closed","sticky":false,"template":"","format":"standard","meta":{"footnotes":""},"categories":[6,47],"tags":[],"class_list":["post-1031","post","type-post","status-publish","format-standard","has-post-thumbnail","hentry","category-noticias","category-sucesos"],"featured_image_urls":{"full":["https:\/\/radioparquecde.com\/wp-content\/uploads\/2022\/04\/capture-20220420-170812-1.png",961,490,false],"thumbnail":["https:\/\/radioparquecde.com\/wp-content\/uploads\/2022\/04\/capture-20220420-170812-1-150x150.png",150,150,true],"medium":["https:\/\/radioparquecde.com\/wp-content\/uploads\/2022\/04\/capture-20220420-170812-1-300x153.png",300,153,true],"medium_large":["https:\/\/radioparquecde.com\/wp-content\/uploads\/2022\/04\/capture-20220420-170812-1-768x392.png",640,327,true],"large":["https:\/\/radioparquecde.com\/wp-content\/uploads\/2022\/04\/capture-20220420-170812-1.png",640,326,false],"1536x1536":["https:\/\/radioparquecde.com\/wp-content\/uploads\/2022\/04\/capture-20220420-170812-1.png",961,490,false],"2048x2048":["https:\/\/radioparquecde.com\/wp-content\/uploads\/2022\/04\/capture-20220420-170812-1.png",961,490,false],"newsphere-slider-full":["https:\/\/radioparquecde.com\/wp-content\/uploads\/2022\/04\/capture-20220420-170812-1.png",961,490,false],"newsphere-featured":["https:\/\/radioparquecde.com\/wp-content\/uploads\/2022\/04\/capture-20220420-170812-1.png",961,490,false],"newsphere-medium":["https:\/\/radioparquecde.com\/wp-content\/uploads\/2022\/04\/capture-20220420-170812-1-720x380.png",720,380,true]},"author_info":{"display_name":"Editor","author_link":"https:\/\/radioparquecde.com\/index.php\/author\/editor\/"},"category_info":"<a href=\"https:\/\/radioparquecde.com\/index.php\/category\/noticias\/\" rel=\"category tag\">Noticias<\/a> <a href=\"https:\/\/radioparquecde.com\/index.php\/category\/sucesos\/\" rel=\"category tag\">SUCESOS<\/a>","tag_info":"SUCESOS","comment_count":"0","_links":{"self":[{"href":"https:\/\/radioparquecde.com\/index.php\/wp-json\/wp\/v2\/posts\/1031","targetHints":{"allow":["GET"]}}],"collection":[{"href":"https:\/\/radioparquecde.com\/index.php\/wp-json\/wp\/v2\/posts"}],"about":[{"href":"https:\/\/radioparquecde.com\/index.php\/wp-json\/wp\/v2\/types\/post"}],"author":[{"embeddable":true,"href":"https:\/\/radioparquecde.com\/index.php\/wp-json\/wp\/v2\/users\/3"}],"replies":[{"embeddable":true,"href":"https:\/\/radioparquecde.com\/index.php\/wp-json\/wp\/v2\/comments?post=1031"}],"version-history":[{"count":1,"href":"https:\/\/radioparquecde.com\/index.php\/wp-json\/wp\/v2\/posts\/1031\/revisions"}],"predecessor-version":[{"id":1035,"href":"https:\/\/radioparquecde.com\/index.php\/wp-json\/wp\/v2\/posts\/1031\/revisions\/1035"}],"wp:featuredmedia":[{"embeddable":true,"href":"https:\/\/radioparquecde.com\/index.php\/wp-json\/wp\/v2\/media\/1034"}],"wp:attachment":[{"href":"https:\/\/radioparquecde.com\/index.php\/wp-json\/wp\/v2\/media?parent=1031"}],"wp:term":[{"taxonomy":"category","embeddable":true,"href":"https:\/\/radioparquecde.com\/index.php\/wp-json\/wp\/v2\/categories?post=1031"},{"taxonomy":"post_tag","embeddable":true,"href":"https:\/\/radioparquecde.com\/index.php\/wp-json\/wp\/v2\/tags?post=1031"}],"curies":[{"name":"wp","href":"https:\/\/api.w.org\/{rel}","templated":true}]}}