{"id":1040,"date":"2022-04-21T08:01:30","date_gmt":"2022-04-21T12:01:30","guid":{"rendered":"https:\/\/radioparquecde.com\/?p=1040"},"modified":"2022-04-21T08:01:32","modified_gmt":"2022-04-21T12:01:32","slug":"dr-pallarolas-asegura-que-va-sumando-gente-joven-a-su-proyecto","status":"publish","type":"post","link":"https:\/\/radioparquecde.com\/index.php\/2022\/04\/21\/dr-pallarolas-asegura-que-va-sumando-gente-joven-a-su-proyecto\/","title":{"rendered":"Dr. Pallarolas asegura que va sumando gente joven a su proyecto"},"content":{"rendered":"\n<p>El Dr. Carlos Pallarolas (ANR-Fuerza Republicana), candidato a gobernador por el Alto Paran\u00e1 se reuni\u00f3 con el pre-candidato a presidente de la Rep\u00fablica, Hugo Vel\u00e1zquez y concejales colorados de Hernandarias ayer y a su salida signific\u00f3 que con las reuniones con los l\u00edderes de base de los distintos distritos del Alto Paran\u00e1 va sumando a mucha gente al proyecto.<\/p>\n\n\n\n<p>\u201cEstamos sumando gente joven, gente con experiencia, hay mucha receptividad por parte de los correligionarios nos abren sus puertas y sus brazos en diferentes distritos del Alto Paran\u00e1, vamos avanzando hac\u00eda una victoria segura\u201d, manifest\u00f3 el candidatable.<\/p>\n\n\n\n<p>Agreg\u00f3 la intenci\u00f3n de trabajar en equipo desde la Gobernaci\u00f3n y la Presidencia de la Republica de modo a darle impulso al departamento. \u201cNos afianza pensar en trabajar en conjunto para dar el lugar de privilegio el departamento que aporta mucho al Estado, nos reunimos con Vel\u00e1zquez y concejales de Hernandarias para avanzar con los proyectos\u201d, a\u00f1adi\u00f3.<\/p>\n\n\n\n<figure class=\"wp-block-image size-large\"><img loading=\"lazy\" decoding=\"async\" width=\"1024\" height=\"768\" src=\"https:\/\/radioparquecde.com\/wp-content\/uploads\/2022\/04\/PAG-2-B-PALLAROLAS-1024x768.jpg\" alt=\"\" class=\"wp-image-1042\" srcset=\"https:\/\/radioparquecde.com\/wp-content\/uploads\/2022\/04\/PAG-2-B-PALLAROLAS-1024x768.jpg 1024w, https:\/\/radioparquecde.com\/wp-content\/uploads\/2022\/04\/PAG-2-B-PALLAROLAS-300x225.jpg 300w, https:\/\/radioparquecde.com\/wp-content\/uploads\/2022\/04\/PAG-2-B-PALLAROLAS-768x576.jpg 768w, https:\/\/radioparquecde.com\/wp-content\/uploads\/2022\/04\/PAG-2-B-PALLAROLAS-1536x1152.jpg 1536w, https:\/\/radioparquecde.com\/wp-content\/uploads\/2022\/04\/PAG-2-B-PALLAROLAS.jpg 1600w\" sizes=\"auto, (max-width: 1024px) 100vw, 1024px\" \/><\/figure>\n\n\n\n<p><\/p>\n","protected":false},"excerpt":{"rendered":"<p>El Dr. Carlos Pallarolas (ANR-Fuerza Republicana), candidato a gobernador por el Alto Paran\u00e1 se reuni\u00f3&#8230;<\/p>\n","protected":false},"author":3,"featured_media":1043,"comment_status":"closed","ping_status":"closed","sticky":false,"template":"","format":"standard","meta":{"footnotes":""},"categories":[6,11],"tags":[],"class_list":["post-1040","post","type-post","status-publish","format-standard","has-post-thumbnail","hentry","category-noticias","category-politica"],"featured_image_urls":{"full":["https:\/\/radioparquecde.com\/wp-content\/uploads\/2022\/04\/PAG-2-B-PALLAROLAS-1.jpg",1600,1200,false],"thumbnail":["https:\/\/radioparquecde.com\/wp-content\/uploads\/2022\/04\/PAG-2-B-PALLAROLAS-1-150x150.jpg",150,150,true],"medium":["https:\/\/radioparquecde.com\/wp-content\/uploads\/2022\/04\/PAG-2-B-PALLAROLAS-1-300x225.jpg",300,225,true],"medium_large":["https:\/\/radioparquecde.com\/wp-content\/uploads\/2022\/04\/PAG-2-B-PALLAROLAS-1-768x576.jpg",640,480,true],"large":["https:\/\/radioparquecde.com\/wp-content\/uploads\/2022\/04\/PAG-2-B-PALLAROLAS-1-1024x768.jpg",640,480,true],"1536x1536":["https:\/\/radioparquecde.com\/wp-content\/uploads\/2022\/04\/PAG-2-B-PALLAROLAS-1-1536x1152.jpg",1536,1152,true],"2048x2048":["https:\/\/radioparquecde.com\/wp-content\/uploads\/2022\/04\/PAG-2-B-PALLAROLAS-1.jpg",1600,1200,false],"newsphere-slider-full":["https:\/\/radioparquecde.com\/wp-content\/uploads\/2022\/04\/PAG-2-B-PALLAROLAS-1-1280x720.jpg",1280,720,true],"newsphere-featured":["https:\/\/radioparquecde.com\/wp-content\/uploads\/2022\/04\/PAG-2-B-PALLAROLAS-1-1024x768.jpg",1024,768,true],"newsphere-medium":["https:\/\/radioparquecde.com\/wp-content\/uploads\/2022\/04\/PAG-2-B-PALLAROLAS-1-720x380.jpg",720,380,true]},"author_info":{"display_name":"Editor","author_link":"https:\/\/radioparquecde.com\/index.php\/author\/editor\/"},"category_info":"<a href=\"https:\/\/radioparquecde.com\/index.php\/category\/noticias\/\" rel=\"category tag\">Noticias<\/a> <a href=\"https:\/\/radioparquecde.com\/index.php\/category\/noticias\/politica\/\" rel=\"category tag\">Pol\u00edtica<\/a>","tag_info":"Pol\u00edtica","comment_count":"0","_links":{"self":[{"href":"https:\/\/radioparquecde.com\/index.php\/wp-json\/wp\/v2\/posts\/1040","targetHints":{"allow":["GET"]}}],"collection":[{"href":"https:\/\/radioparquecde.com\/index.php\/wp-json\/wp\/v2\/posts"}],"about":[{"href":"https:\/\/radioparquecde.com\/index.php\/wp-json\/wp\/v2\/types\/post"}],"author":[{"embeddable":true,"href":"https:\/\/radioparquecde.com\/index.php\/wp-json\/wp\/v2\/users\/3"}],"replies":[{"embeddable":true,"href":"https:\/\/radioparquecde.com\/index.php\/wp-json\/wp\/v2\/comments?post=1040"}],"version-history":[{"count":1,"href":"https:\/\/radioparquecde.com\/index.php\/wp-json\/wp\/v2\/posts\/1040\/revisions"}],"predecessor-version":[{"id":1044,"href":"https:\/\/radioparquecde.com\/index.php\/wp-json\/wp\/v2\/posts\/1040\/revisions\/1044"}],"wp:featuredmedia":[{"embeddable":true,"href":"https:\/\/radioparquecde.com\/index.php\/wp-json\/wp\/v2\/media\/1043"}],"wp:attachment":[{"href":"https:\/\/radioparquecde.com\/index.php\/wp-json\/wp\/v2\/media?parent=1040"}],"wp:term":[{"taxonomy":"category","embeddable":true,"href":"https:\/\/radioparquecde.com\/index.php\/wp-json\/wp\/v2\/categories?post=1040"},{"taxonomy":"post_tag","embeddable":true,"href":"https:\/\/radioparquecde.com\/index.php\/wp-json\/wp\/v2\/tags?post=1040"}],"curies":[{"name":"wp","href":"https:\/\/api.w.org\/{rel}","templated":true}]}}