{"id":10416,"date":"2023-05-25T09:44:45","date_gmt":"2023-05-25T13:44:45","guid":{"rendered":"https:\/\/radioparquecde.com\/?p=10416"},"modified":"2023-05-25T09:44:46","modified_gmt":"2023-05-25T13:44:46","slug":"brasileno-con-ordenes-de-captura-fue-preso-con-una-camioneta-robada","status":"publish","type":"post","link":"https:\/\/radioparquecde.com\/index.php\/2023\/05\/25\/brasileno-con-ordenes-de-captura-fue-preso-con-una-camioneta-robada\/","title":{"rendered":"Brasile\u00f1o con \u00f3rdenes de captura fue preso con una camioneta robada"},"content":{"rendered":"\n<p>El brasile\u00f1o Marcos D\u00edas (32) fue aprehendido este jueves a las 6 de la ma\u00f1ana  en la zona c\u00e9ntrica de la ciudad luego de cruzar la frontera con una camioneta robada en su pa\u00eds. El procedimiento se hizo sobre la calle Emiliano R. Fern\u00e1ndez, pr\u00f3ximo a la comunidad ind\u00edgena Mak\u00e1.<\/p>\n\n\n\n<p><a><\/a>Agentes de la Comisar\u00eda 1ra que hac\u00edan una patrulla sobre la ruta PY 02 vieron una camioneta Chevrolet S-10 estacionada en la rotonda Oasis y se acercaron a verificar. En ese \u00ednterin el brasile\u00f1o baj\u00f3 del veh\u00edculo y empez\u00f3 a correr, siendo perseguido por varias cuadras hasta ser aprehendido.<\/p>\n\n\n\n<figure class=\"wp-block-image size-large\"><img loading=\"lazy\" decoding=\"async\" width=\"459\" height=\"1024\" src=\"https:\/\/radioparquecde.com\/wp-content\/uploads\/2023\/05\/349160974_300435305640036_8363154145337166014_n-459x1024.jpg\" alt=\"\" class=\"wp-image-10418\" srcset=\"https:\/\/radioparquecde.com\/wp-content\/uploads\/2023\/05\/349160974_300435305640036_8363154145337166014_n-459x1024.jpg 459w, https:\/\/radioparquecde.com\/wp-content\/uploads\/2023\/05\/349160974_300435305640036_8363154145337166014_n-134x300.jpg 134w, https:\/\/radioparquecde.com\/wp-content\/uploads\/2023\/05\/349160974_300435305640036_8363154145337166014_n.jpg 598w\" sizes=\"auto, (max-width: 459px) 100vw, 459px\" \/><\/figure>\n\n\n\n<p>Se verific\u00f3 con las autoridades brasile\u00f1as y se constat\u00f3 que la camioneta fue robada en Foz de Iguaz\u00fa y que Marcos D\u00edas ten\u00edas \u00f3rdenes de captura por tr\u00e1fico de drogas y robo en su pa\u00eds.<\/p>\n","protected":false},"excerpt":{"rendered":"<p>El brasile\u00f1o Marcos D\u00edas (32) fue aprehendido este jueves a las 6 de la ma\u00f1ana&#8230;<\/p>\n","protected":false},"author":3,"featured_media":10419,"comment_status":"closed","ping_status":"closed","sticky":false,"template":"","format":"standard","meta":{"footnotes":""},"categories":[48,6],"tags":[],"class_list":["post-10416","post","type-post","status-publish","format-standard","has-post-thumbnail","hentry","category-alto-parana","category-noticias"],"featured_image_urls":{"full":["https:\/\/radioparquecde.com\/wp-content\/uploads\/2023\/05\/349160974_300435305640036_8363154145337166014_n-1.jpg",598,1334,false],"thumbnail":["https:\/\/radioparquecde.com\/wp-content\/uploads\/2023\/05\/349160974_300435305640036_8363154145337166014_n-1-150x150.jpg",150,150,true],"medium":["https:\/\/radioparquecde.com\/wp-content\/uploads\/2023\/05\/349160974_300435305640036_8363154145337166014_n-1-134x300.jpg",134,300,true],"medium_large":["https:\/\/radioparquecde.com\/wp-content\/uploads\/2023\/05\/349160974_300435305640036_8363154145337166014_n-1.jpg",598,1334,false],"large":["https:\/\/radioparquecde.com\/wp-content\/uploads\/2023\/05\/349160974_300435305640036_8363154145337166014_n-1-459x1024.jpg",459,1024,true],"1536x1536":["https:\/\/radioparquecde.com\/wp-content\/uploads\/2023\/05\/349160974_300435305640036_8363154145337166014_n-1.jpg",598,1334,false],"2048x2048":["https:\/\/radioparquecde.com\/wp-content\/uploads\/2023\/05\/349160974_300435305640036_8363154145337166014_n-1.jpg",598,1334,false],"newsphere-slider-full":["https:\/\/radioparquecde.com\/wp-content\/uploads\/2023\/05\/349160974_300435305640036_8363154145337166014_n-1-598x720.jpg",598,720,true],"newsphere-featured":["https:\/\/radioparquecde.com\/wp-content\/uploads\/2023\/05\/349160974_300435305640036_8363154145337166014_n-1.jpg",598,1334,false],"newsphere-medium":["https:\/\/radioparquecde.com\/wp-content\/uploads\/2023\/05\/349160974_300435305640036_8363154145337166014_n-1-598x380.jpg",598,380,true]},"author_info":{"display_name":"Editor","author_link":"https:\/\/radioparquecde.com\/index.php\/author\/editor\/"},"category_info":"<a href=\"https:\/\/radioparquecde.com\/index.php\/category\/alto-parana\/\" rel=\"category tag\">ALTO PARAN\u00c1<\/a> <a href=\"https:\/\/radioparquecde.com\/index.php\/category\/noticias\/\" rel=\"category tag\">Noticias<\/a>","tag_info":"Noticias","comment_count":"0","_links":{"self":[{"href":"https:\/\/radioparquecde.com\/index.php\/wp-json\/wp\/v2\/posts\/10416","targetHints":{"allow":["GET"]}}],"collection":[{"href":"https:\/\/radioparquecde.com\/index.php\/wp-json\/wp\/v2\/posts"}],"about":[{"href":"https:\/\/radioparquecde.com\/index.php\/wp-json\/wp\/v2\/types\/post"}],"author":[{"embeddable":true,"href":"https:\/\/radioparquecde.com\/index.php\/wp-json\/wp\/v2\/users\/3"}],"replies":[{"embeddable":true,"href":"https:\/\/radioparquecde.com\/index.php\/wp-json\/wp\/v2\/comments?post=10416"}],"version-history":[{"count":1,"href":"https:\/\/radioparquecde.com\/index.php\/wp-json\/wp\/v2\/posts\/10416\/revisions"}],"predecessor-version":[{"id":10420,"href":"https:\/\/radioparquecde.com\/index.php\/wp-json\/wp\/v2\/posts\/10416\/revisions\/10420"}],"wp:featuredmedia":[{"embeddable":true,"href":"https:\/\/radioparquecde.com\/index.php\/wp-json\/wp\/v2\/media\/10419"}],"wp:attachment":[{"href":"https:\/\/radioparquecde.com\/index.php\/wp-json\/wp\/v2\/media?parent=10416"}],"wp:term":[{"taxonomy":"category","embeddable":true,"href":"https:\/\/radioparquecde.com\/index.php\/wp-json\/wp\/v2\/categories?post=10416"},{"taxonomy":"post_tag","embeddable":true,"href":"https:\/\/radioparquecde.com\/index.php\/wp-json\/wp\/v2\/tags?post=10416"}],"curies":[{"name":"wp","href":"https:\/\/api.w.org\/{rel}","templated":true}]}}