{"id":10459,"date":"2023-05-26T08:35:39","date_gmt":"2023-05-26T12:35:39","guid":{"rendered":"https:\/\/radioparquecde.com\/?p=10459"},"modified":"2023-05-26T08:35:41","modified_gmt":"2023-05-26T12:35:41","slug":"violador-condenado-hasta-2040-habria-sido-liberado-por-error-negligencia-o-algo-raro","status":"publish","type":"post","link":"https:\/\/radioparquecde.com\/index.php\/2023\/05\/26\/violador-condenado-hasta-2040-habria-sido-liberado-por-error-negligencia-o-algo-raro\/","title":{"rendered":"Violador condenado hasta 2040 habr\u00eda sido liberado por error, negligencia o \u201calgo raro\u201d"},"content":{"rendered":"\n<p>El ministro de Justicia, Daniel Ben\u00edtez, confirm\u00f3 que producto de la investigaci\u00f3n abierta sobre el caso de la liberaci\u00f3n de un violador serial que deb\u00eda cumplir condena en prisi\u00f3n hasta el a\u00f1o 2040, fueron separados de sus cargos los funcionarios que estuvieron involucrados en la anomal\u00eda.<\/p>\n\n\n\n<figure class=\"wp-block-image size-full\"><img loading=\"lazy\" decoding=\"async\" width=\"680\" height=\"376\" src=\"https:\/\/radioparquecde.com\/wp-content\/uploads\/2023\/05\/EeM_yNhXoAABBj8.jpg\" alt=\"\" class=\"wp-image-10423\" srcset=\"https:\/\/radioparquecde.com\/wp-content\/uploads\/2023\/05\/EeM_yNhXoAABBj8.jpg 680w, https:\/\/radioparquecde.com\/wp-content\/uploads\/2023\/05\/EeM_yNhXoAABBj8-300x166.jpg 300w\" sizes=\"auto, (max-width: 680px) 100vw, 680px\" \/><\/figure>\n\n\n\n<p>El secretario de Estado describi\u00f3 la situaci\u00f3n como \u201cbastante compleja y at\u00edpica\u201d, debido a que hubo una superposici\u00f3n de \u00f3rdenes judiciales, factor que pudo haber producido el error.<\/p>\n\n\n\n<p>Refiri\u00f3 que Luis H\u00e9ctor Mor\u00ednigo Cantero (48 a\u00f1os), de nacionalidad argentina, obtuvo su libertad a mediados de abril.<\/p>\n\n\n\n<p>\u201cCuando se va su defensor p\u00fablico a visitarle, se percata de que ya no estaba en el penal, entonces se comunica eso a la jueza de ejecuci\u00f3n, que hubo un error ah\u00ed, yo creo que involuntario, negligencia o algo raro\u201d, acot\u00f3.<\/p>\n\n\n\n<p>Ben\u00edtez corrobor\u00f3 que el condenado se encuentra actualmente en territorio argentino, despu\u00e9s de ser expulsado de Paraguay.<\/p>\n","protected":false},"excerpt":{"rendered":"<p>El ministro de Justicia, Daniel Ben\u00edtez, confirm\u00f3 que producto de la investigaci\u00f3n abierta sobre el&#8230;<\/p>\n","protected":false},"author":3,"featured_media":10423,"comment_status":"closed","ping_status":"closed","sticky":false,"template":"","format":"standard","meta":{"footnotes":""},"categories":[2,6,47],"tags":[],"class_list":["post-10459","post","type-post","status-publish","format-standard","has-post-thumbnail","hentry","category-destacadas","category-noticias","category-sucesos"],"featured_image_urls":{"full":["https:\/\/radioparquecde.com\/wp-content\/uploads\/2023\/05\/EeM_yNhXoAABBj8.jpg",680,376,false],"thumbnail":["https:\/\/radioparquecde.com\/wp-content\/uploads\/2023\/05\/EeM_yNhXoAABBj8-150x150.jpg",150,150,true],"medium":["https:\/\/radioparquecde.com\/wp-content\/uploads\/2023\/05\/EeM_yNhXoAABBj8-300x166.jpg",300,166,true],"medium_large":["https:\/\/radioparquecde.com\/wp-content\/uploads\/2023\/05\/EeM_yNhXoAABBj8.jpg",640,354,false],"large":["https:\/\/radioparquecde.com\/wp-content\/uploads\/2023\/05\/EeM_yNhXoAABBj8.jpg",640,354,false],"1536x1536":["https:\/\/radioparquecde.com\/wp-content\/uploads\/2023\/05\/EeM_yNhXoAABBj8.jpg",680,376,false],"2048x2048":["https:\/\/radioparquecde.com\/wp-content\/uploads\/2023\/05\/EeM_yNhXoAABBj8.jpg",680,376,false],"newsphere-slider-full":["https:\/\/radioparquecde.com\/wp-content\/uploads\/2023\/05\/EeM_yNhXoAABBj8.jpg",680,376,false],"newsphere-featured":["https:\/\/radioparquecde.com\/wp-content\/uploads\/2023\/05\/EeM_yNhXoAABBj8.jpg",680,376,false],"newsphere-medium":["https:\/\/radioparquecde.com\/wp-content\/uploads\/2023\/05\/EeM_yNhXoAABBj8.jpg",680,376,false]},"author_info":{"display_name":"Editor","author_link":"https:\/\/radioparquecde.com\/index.php\/author\/editor\/"},"category_info":"<a href=\"https:\/\/radioparquecde.com\/index.php\/category\/noticias\/destacadas\/\" rel=\"category tag\">Destacadas<\/a> <a href=\"https:\/\/radioparquecde.com\/index.php\/category\/noticias\/\" rel=\"category tag\">Noticias<\/a> <a href=\"https:\/\/radioparquecde.com\/index.php\/category\/sucesos\/\" rel=\"category tag\">SUCESOS<\/a>","tag_info":"SUCESOS","comment_count":"0","_links":{"self":[{"href":"https:\/\/radioparquecde.com\/index.php\/wp-json\/wp\/v2\/posts\/10459","targetHints":{"allow":["GET"]}}],"collection":[{"href":"https:\/\/radioparquecde.com\/index.php\/wp-json\/wp\/v2\/posts"}],"about":[{"href":"https:\/\/radioparquecde.com\/index.php\/wp-json\/wp\/v2\/types\/post"}],"author":[{"embeddable":true,"href":"https:\/\/radioparquecde.com\/index.php\/wp-json\/wp\/v2\/users\/3"}],"replies":[{"embeddable":true,"href":"https:\/\/radioparquecde.com\/index.php\/wp-json\/wp\/v2\/comments?post=10459"}],"version-history":[{"count":1,"href":"https:\/\/radioparquecde.com\/index.php\/wp-json\/wp\/v2\/posts\/10459\/revisions"}],"predecessor-version":[{"id":10461,"href":"https:\/\/radioparquecde.com\/index.php\/wp-json\/wp\/v2\/posts\/10459\/revisions\/10461"}],"wp:featuredmedia":[{"embeddable":true,"href":"https:\/\/radioparquecde.com\/index.php\/wp-json\/wp\/v2\/media\/10423"}],"wp:attachment":[{"href":"https:\/\/radioparquecde.com\/index.php\/wp-json\/wp\/v2\/media?parent=10459"}],"wp:term":[{"taxonomy":"category","embeddable":true,"href":"https:\/\/radioparquecde.com\/index.php\/wp-json\/wp\/v2\/categories?post=10459"},{"taxonomy":"post_tag","embeddable":true,"href":"https:\/\/radioparquecde.com\/index.php\/wp-json\/wp\/v2\/tags?post=10459"}],"curies":[{"name":"wp","href":"https:\/\/api.w.org\/{rel}","templated":true}]}}