{"id":10462,"date":"2023-05-26T08:39:43","date_gmt":"2023-05-26T12:39:43","guid":{"rendered":"https:\/\/radioparquecde.com\/?p=10462"},"modified":"2023-05-26T08:39:44","modified_gmt":"2023-05-26T12:39:44","slug":"presunto-caso-de-feminicidio-en-comunidad-indigena-quemo-su-casa-con-su-pareja-dentro","status":"publish","type":"post","link":"https:\/\/radioparquecde.com\/index.php\/2023\/05\/26\/presunto-caso-de-feminicidio-en-comunidad-indigena-quemo-su-casa-con-su-pareja-dentro\/","title":{"rendered":"Presunto caso de feminicidio en comunidad ind\u00edgena: Quem\u00f3 su casa con su pareja dentro"},"content":{"rendered":"\n<p>El hecho se produjo anoche en la comunidad de pueblos originarios Itaypavus\u00fa, distrito de Zanja Pyt\u00e1, departamento de Amambay, resultando v\u00edctima fatal la se\u00f1ora Leonarda Duarte Zarate de 36 a\u00f1os, quien pereci\u00f3 calcinada en una precaria&nbsp;vivienda.<\/p>\n\n\n\n<figure class=\"wp-block-image size-full\"><img loading=\"lazy\" decoding=\"async\" width=\"1024\" height=\"461\" src=\"https:\/\/radioparquecde.com\/wp-content\/uploads\/2023\/05\/cuerpo-fallecida-1024x461-1.jpeg\" alt=\"\" class=\"wp-image-10464\" srcset=\"https:\/\/radioparquecde.com\/wp-content\/uploads\/2023\/05\/cuerpo-fallecida-1024x461-1.jpeg 1024w, https:\/\/radioparquecde.com\/wp-content\/uploads\/2023\/05\/cuerpo-fallecida-1024x461-1-300x135.jpeg 300w, https:\/\/radioparquecde.com\/wp-content\/uploads\/2023\/05\/cuerpo-fallecida-1024x461-1-768x346.jpeg 768w\" sizes=\"auto, (max-width: 1024px) 100vw, 1024px\" \/><\/figure>\n\n\n\n<p>Est\u00e1 sindicato como presunto autor de la quema de la casa, Leonardo G\u00f3mez de 47 a\u00f1os, concubino de la mujer, quien ya fue detenido.<\/p>\n\n\n\n<p>Seg\u00fan el comisario Julio Esp\u00ednola, jefe de la subcomisar\u00eda primera de Fortuna Guasu, los familiares de la v\u00edctima afirmaron que hab\u00eda problemas de violencia familiar y sospechan que G\u00f3mez fue el que ocasion\u00f3 el fuego, ya que el hijo de la v\u00edctima, Claudio Gauto, vio al hombre girando alrededor de la casa en llamas.<\/p>\n\n\n\n<p>El aprehendido fue trasladado al hospital Regional de Pedro Juan Caballero para su diagn\u00f3stico m\u00e9dico, quien permanecer\u00e1 recluido en la sede del departamento de investigaciones de PJC, a disposici\u00f3n del Ministerio P\u00fablico.<\/p>\n","protected":false},"excerpt":{"rendered":"<p>El hecho se produjo anoche en la comunidad de pueblos originarios Itaypavus\u00fa, distrito de Zanja&#8230;<\/p>\n","protected":false},"author":3,"featured_media":10465,"comment_status":"closed","ping_status":"closed","sticky":false,"template":"","format":"standard","meta":{"footnotes":""},"categories":[2,6,47],"tags":[],"class_list":["post-10462","post","type-post","status-publish","format-standard","has-post-thumbnail","hentry","category-destacadas","category-noticias","category-sucesos"],"featured_image_urls":{"full":["https:\/\/radioparquecde.com\/wp-content\/uploads\/2023\/05\/cuerpo-fallecida-1024x461-2.jpeg",1024,461,false],"thumbnail":["https:\/\/radioparquecde.com\/wp-content\/uploads\/2023\/05\/cuerpo-fallecida-1024x461-2-150x150.jpeg",150,150,true],"medium":["https:\/\/radioparquecde.com\/wp-content\/uploads\/2023\/05\/cuerpo-fallecida-1024x461-2-300x135.jpeg",300,135,true],"medium_large":["https:\/\/radioparquecde.com\/wp-content\/uploads\/2023\/05\/cuerpo-fallecida-1024x461-2-768x346.jpeg",640,288,true],"large":["https:\/\/radioparquecde.com\/wp-content\/uploads\/2023\/05\/cuerpo-fallecida-1024x461-2.jpeg",640,288,false],"1536x1536":["https:\/\/radioparquecde.com\/wp-content\/uploads\/2023\/05\/cuerpo-fallecida-1024x461-2.jpeg",1024,461,false],"2048x2048":["https:\/\/radioparquecde.com\/wp-content\/uploads\/2023\/05\/cuerpo-fallecida-1024x461-2.jpeg",1024,461,false],"newsphere-slider-full":["https:\/\/radioparquecde.com\/wp-content\/uploads\/2023\/05\/cuerpo-fallecida-1024x461-2.jpeg",1024,461,false],"newsphere-featured":["https:\/\/radioparquecde.com\/wp-content\/uploads\/2023\/05\/cuerpo-fallecida-1024x461-2.jpeg",1024,461,false],"newsphere-medium":["https:\/\/radioparquecde.com\/wp-content\/uploads\/2023\/05\/cuerpo-fallecida-1024x461-2-720x380.jpeg",720,380,true]},"author_info":{"display_name":"Editor","author_link":"https:\/\/radioparquecde.com\/index.php\/author\/editor\/"},"category_info":"<a href=\"https:\/\/radioparquecde.com\/index.php\/category\/noticias\/destacadas\/\" rel=\"category tag\">Destacadas<\/a> <a href=\"https:\/\/radioparquecde.com\/index.php\/category\/noticias\/\" rel=\"category tag\">Noticias<\/a> <a href=\"https:\/\/radioparquecde.com\/index.php\/category\/sucesos\/\" rel=\"category tag\">SUCESOS<\/a>","tag_info":"SUCESOS","comment_count":"0","_links":{"self":[{"href":"https:\/\/radioparquecde.com\/index.php\/wp-json\/wp\/v2\/posts\/10462","targetHints":{"allow":["GET"]}}],"collection":[{"href":"https:\/\/radioparquecde.com\/index.php\/wp-json\/wp\/v2\/posts"}],"about":[{"href":"https:\/\/radioparquecde.com\/index.php\/wp-json\/wp\/v2\/types\/post"}],"author":[{"embeddable":true,"href":"https:\/\/radioparquecde.com\/index.php\/wp-json\/wp\/v2\/users\/3"}],"replies":[{"embeddable":true,"href":"https:\/\/radioparquecde.com\/index.php\/wp-json\/wp\/v2\/comments?post=10462"}],"version-history":[{"count":1,"href":"https:\/\/radioparquecde.com\/index.php\/wp-json\/wp\/v2\/posts\/10462\/revisions"}],"predecessor-version":[{"id":10466,"href":"https:\/\/radioparquecde.com\/index.php\/wp-json\/wp\/v2\/posts\/10462\/revisions\/10466"}],"wp:featuredmedia":[{"embeddable":true,"href":"https:\/\/radioparquecde.com\/index.php\/wp-json\/wp\/v2\/media\/10465"}],"wp:attachment":[{"href":"https:\/\/radioparquecde.com\/index.php\/wp-json\/wp\/v2\/media?parent=10462"}],"wp:term":[{"taxonomy":"category","embeddable":true,"href":"https:\/\/radioparquecde.com\/index.php\/wp-json\/wp\/v2\/categories?post=10462"},{"taxonomy":"post_tag","embeddable":true,"href":"https:\/\/radioparquecde.com\/index.php\/wp-json\/wp\/v2\/tags?post=10462"}],"curies":[{"name":"wp","href":"https:\/\/api.w.org\/{rel}","templated":true}]}}