{"id":10479,"date":"2023-05-26T14:37:19","date_gmt":"2023-05-26T18:37:19","guid":{"rendered":"https:\/\/radioparquecde.com\/?p=10479"},"modified":"2023-05-26T14:37:20","modified_gmt":"2023-05-26T18:37:20","slug":"ande-entrega-vehiculos-electricos-para-alto-parana","status":"publish","type":"post","link":"https:\/\/radioparquecde.com\/index.php\/2023\/05\/26\/ande-entrega-vehiculos-electricos-para-alto-parana\/","title":{"rendered":"ANDE entrega veh\u00edculos el\u00e9ctricos para Alto Paran\u00e1"},"content":{"rendered":"\n<p>Considerando el alto crecimiento de la demanda el\u00e9ctrica en el departamento de Alto Paran\u00e1, el Presidente de la Administraci\u00f3n Nacional de Electricidad, Ing. F\u00e9lix Sosa hizo entrega, en la ma\u00f1ana de hoy, viernes 26 de mayo del a\u00f1o en curso, de 5 veh\u00edculos el\u00e9ctricos a la Secci\u00f3n de Operaci\u00f3n de Veh\u00edculos- Sede Ciudad del Este, dependiente de la Direcci\u00f3n de Servicios Administrativos, para gestiones operativas de las <a><\/a>distintas Unidades de Alto Paran\u00e1.<\/p>\n\n\n\n<p>Los m\u00f3viles entregados son veh\u00edculos el\u00e9ctricos de la marca FOTON, doble cabina 4&#215;2, con cargador de 7 kW, y corresponden al lote adquirido recientemente a trav\u00e9s del Convenio entre la ANDE e Itaipu Binacional, mediante la Licitaci\u00f3n P\u00fablica Nacional 1731\/2021 \u201cAdquisici\u00f3n de Veh\u00edculos El\u00e9ctricos para la Flota de la ANDE\u201d, y fueron prove\u00eddos por la empresa CATHAY S.A.E., Grupo Timbo.<\/p>\n\n\n\n<p>Cabe resaltar que estos veh\u00edculos fueron acondicionados de acuerdo a las normas y necesidades de la ANDE, para su circulaci\u00f3n y uso de las \u00e1reas respectivas y tambi\u00e9n se encuentran equipados con un Sistema de Rastreo Satelital (Geo Posicionamiento), lo que permitir\u00e1 un mejor control y transparencia en el Sistema de Gesti\u00f3n de Flota de Veh\u00edculos de la ANDE y ayudar\u00e1 a reducir la mala calidad del aire y los impactos generados por los gases de efecto invernadero emitidos por el combustible f\u00f3sil.<\/p>\n\n\n\n<p>El Ing. F\u00e9lix Sosa se\u00f1al\u00f3 que la entrega de los 5 veh\u00edculos el\u00e9ctricos en Alto Paran\u00e1 es para acompa\u00f1ar el crecimiento del consumo de energ\u00eda el\u00e9ctrica en la regi\u00f3n y anunci\u00f3 que la Instituci\u00f3n tiene la intenci\u00f3n de adquirir m\u00e1s veh\u00edculos el\u00e9ctricos en el futuro, augurando que otras empresas del Estado y del sector privado sigan el ejemplo de la ANDE, ya que de esa manera, se podr\u00e1 utilizar la energ\u00eda limpia y renovable que tiene en abundancia el Paraguay en la electromovilidad.<\/p>\n\n\n\n<figure class=\"wp-block-image size-large\"><img loading=\"lazy\" decoding=\"async\" width=\"1024\" height=\"723\" src=\"https:\/\/radioparquecde.com\/wp-content\/uploads\/2023\/05\/349146102_9965433220141007_8973133225301560247_n-1024x723.jpg\" alt=\"\" class=\"wp-image-10482\" srcset=\"https:\/\/radioparquecde.com\/wp-content\/uploads\/2023\/05\/349146102_9965433220141007_8973133225301560247_n-1024x723.jpg 1024w, https:\/\/radioparquecde.com\/wp-content\/uploads\/2023\/05\/349146102_9965433220141007_8973133225301560247_n-300x212.jpg 300w, https:\/\/radioparquecde.com\/wp-content\/uploads\/2023\/05\/349146102_9965433220141007_8973133225301560247_n-768x542.jpg 768w, https:\/\/radioparquecde.com\/wp-content\/uploads\/2023\/05\/349146102_9965433220141007_8973133225301560247_n.jpg 1280w\" sizes=\"auto, (max-width: 1024px) 100vw, 1024px\" \/><\/figure>\n\n\n\n<p>Igualmente resalt\u00f3 que la adquisici\u00f3n de los 23 veh\u00edculos permitir\u00e1 a la ANDE ahorrar aproximadamente 1.700 millones de guaran\u00edes en gastos de combustible, mantenimiento y compra de aceite, lo que es beneficioso tanto para la Instituci\u00f3n como para la ciudadan\u00eda y el medio ambiente.<\/p>\n\n\n\n<p>Por su parte, el Director de Servicios Administrativos, Ing. Eligio \u00c1lvarez manifest\u00f3 que la entrega de estos veh\u00edculos 100 % el\u00e9ctricos para la gesti\u00f3n operativa en Alto Paran\u00e1, est\u00e1n alineados con la pol\u00edtica del gobierno nacional sobre la movilidad el\u00e9ctrica en el pa\u00eds, adem\u00e1s de agregar que es el inicio de una serie de actividades para incrementar el uso de veh\u00edculos el\u00e9ctricos en el pa\u00eds.<\/p>\n\n\n\n<figure class=\"wp-block-image size-large\"><img loading=\"lazy\" decoding=\"async\" width=\"1024\" height=\"683\" src=\"https:\/\/radioparquecde.com\/wp-content\/uploads\/2023\/05\/349797252_634821728209211_5493193534734683656_n-1024x683.jpg\" alt=\"\" class=\"wp-image-10481\" srcset=\"https:\/\/radioparquecde.com\/wp-content\/uploads\/2023\/05\/349797252_634821728209211_5493193534734683656_n-1024x683.jpg 1024w, https:\/\/radioparquecde.com\/wp-content\/uploads\/2023\/05\/349797252_634821728209211_5493193534734683656_n-300x200.jpg 300w, https:\/\/radioparquecde.com\/wp-content\/uploads\/2023\/05\/349797252_634821728209211_5493193534734683656_n-768x512.jpg 768w, https:\/\/radioparquecde.com\/wp-content\/uploads\/2023\/05\/349797252_634821728209211_5493193534734683656_n.jpg 1500w\" sizes=\"auto, (max-width: 1024px) 100vw, 1024px\" \/><\/figure>\n\n\n\n<p>Del acto participaron el Ing. Miguel B\u00e1ez, Gerente T\u00e9cnico, el Ing. Eligio \u00c1lvarez, Director de Servicios Administrativos, funcionarios de la ANDE, el Ing. Juan Rozzano, jefe de Divisi\u00f3n Regional Este, el Ing. Crispin Pereira, jefe de Agencia Regional Alto Paran\u00e1, el Lic. Everaldo Benegas, jefe de Secci\u00f3n de Operaci\u00f3n de Veh\u00edculos- Sede Ciudad del Este, funcionarios de la ANDE e invitados especiales.<\/p>\n\n\n\n<figure class=\"wp-block-image size-large\"><img loading=\"lazy\" decoding=\"async\" width=\"1024\" height=\"584\" src=\"https:\/\/radioparquecde.com\/wp-content\/uploads\/2023\/05\/349661667_695383822597932_2594439266413582096_n-1024x584.jpg\" alt=\"\" class=\"wp-image-10484\" srcset=\"https:\/\/radioparquecde.com\/wp-content\/uploads\/2023\/05\/349661667_695383822597932_2594439266413582096_n-1024x584.jpg 1024w, https:\/\/radioparquecde.com\/wp-content\/uploads\/2023\/05\/349661667_695383822597932_2594439266413582096_n-300x171.jpg 300w, https:\/\/radioparquecde.com\/wp-content\/uploads\/2023\/05\/349661667_695383822597932_2594439266413582096_n-768x438.jpg 768w, https:\/\/radioparquecde.com\/wp-content\/uploads\/2023\/05\/349661667_695383822597932_2594439266413582096_n.jpg 1262w\" sizes=\"auto, (max-width: 1024px) 100vw, 1024px\" \/><\/figure>\n\n\n\n<p>Oficina de Comunicaciones Institucionales y Protocolo<\/p>\n\n\n\n<p>GP\/OCI\/26-05-23<\/p>\n\n\n\n<p><a href=\"https:\/\/l.facebook.com\/l.php?u=http%3A%2F%2Fwww.ande.gov.py%2F%3Ffbclid%3DIwAR3SIllnLetFuBIA8dTCXyEQXUPOk9S1RZJzgt5qMgINr06AmnmNX1w3WvM&amp;h=AT2QZ63PZnyzniAmZreo-OeL386omHvnBVBTCOrFeSsM6IDdNNV0zxudYnnkCithLvNRk8AphyRZF_P9xwcN_Kh94JGwo-KMjIaDHVCJ-xes10pfG5QiofILs8xglC0K7Ri4&amp;__tn__=-UK-R&amp;c[0]=AT1vuLiXcZTpKUKNyf_GVoWO5mvYeJrm_S42Iwp4_J3BOhpna5VqvT3dYAqRCMKZzSWo8uuPnk9eDTcaIDtvEUeNpE9zY2jQKNOb98dWjzfslawx4Zvt7XaecXc1PgZt0cvLW0KYAioqWwEscgAAAU0vkw0oFLiKAKTIPz0n_YvQOL1SvHla-tfRxwFveO16UMuEf17DWr5lWH9KaQ\" rel=\"noreferrer noopener\" target=\"_blank\">www.ande.gov.py<\/a><\/p>\n","protected":false},"excerpt":{"rendered":"<p>Considerando el alto crecimiento de la demanda el\u00e9ctrica en el departamento de Alto Paran\u00e1, el&#8230;<\/p>\n","protected":false},"author":3,"featured_media":10483,"comment_status":"closed","ping_status":"closed","sticky":false,"template":"","format":"standard","meta":{"footnotes":""},"categories":[48,6],"tags":[],"class_list":["post-10479","post","type-post","status-publish","format-standard","has-post-thumbnail","hentry","category-alto-parana","category-noticias"],"featured_image_urls":{"full":["https:\/\/radioparquecde.com\/wp-content\/uploads\/2023\/05\/349797252_634821728209211_5493193534734683656_n-1.jpg",1500,1000,false],"thumbnail":["https:\/\/radioparquecde.com\/wp-content\/uploads\/2023\/05\/349797252_634821728209211_5493193534734683656_n-1-150x150.jpg",150,150,true],"medium":["https:\/\/radioparquecde.com\/wp-content\/uploads\/2023\/05\/349797252_634821728209211_5493193534734683656_n-1-300x200.jpg",300,200,true],"medium_large":["https:\/\/radioparquecde.com\/wp-content\/uploads\/2023\/05\/349797252_634821728209211_5493193534734683656_n-1-768x512.jpg",640,427,true],"large":["https:\/\/radioparquecde.com\/wp-content\/uploads\/2023\/05\/349797252_634821728209211_5493193534734683656_n-1-1024x683.jpg",640,427,true],"1536x1536":["https:\/\/radioparquecde.com\/wp-content\/uploads\/2023\/05\/349797252_634821728209211_5493193534734683656_n-1.jpg",1500,1000,false],"2048x2048":["https:\/\/radioparquecde.com\/wp-content\/uploads\/2023\/05\/349797252_634821728209211_5493193534734683656_n-1.jpg",1500,1000,false],"newsphere-slider-full":["https:\/\/radioparquecde.com\/wp-content\/uploads\/2023\/05\/349797252_634821728209211_5493193534734683656_n-1-1280x720.jpg",1280,720,true],"newsphere-featured":["https:\/\/radioparquecde.com\/wp-content\/uploads\/2023\/05\/349797252_634821728209211_5493193534734683656_n-1-1024x683.jpg",1024,683,true],"newsphere-medium":["https:\/\/radioparquecde.com\/wp-content\/uploads\/2023\/05\/349797252_634821728209211_5493193534734683656_n-1-720x380.jpg",720,380,true]},"author_info":{"display_name":"Editor","author_link":"https:\/\/radioparquecde.com\/index.php\/author\/editor\/"},"category_info":"<a href=\"https:\/\/radioparquecde.com\/index.php\/category\/alto-parana\/\" rel=\"category tag\">ALTO PARAN\u00c1<\/a> <a href=\"https:\/\/radioparquecde.com\/index.php\/category\/noticias\/\" rel=\"category tag\">Noticias<\/a>","tag_info":"Noticias","comment_count":"0","_links":{"self":[{"href":"https:\/\/radioparquecde.com\/index.php\/wp-json\/wp\/v2\/posts\/10479","targetHints":{"allow":["GET"]}}],"collection":[{"href":"https:\/\/radioparquecde.com\/index.php\/wp-json\/wp\/v2\/posts"}],"about":[{"href":"https:\/\/radioparquecde.com\/index.php\/wp-json\/wp\/v2\/types\/post"}],"author":[{"embeddable":true,"href":"https:\/\/radioparquecde.com\/index.php\/wp-json\/wp\/v2\/users\/3"}],"replies":[{"embeddable":true,"href":"https:\/\/radioparquecde.com\/index.php\/wp-json\/wp\/v2\/comments?post=10479"}],"version-history":[{"count":1,"href":"https:\/\/radioparquecde.com\/index.php\/wp-json\/wp\/v2\/posts\/10479\/revisions"}],"predecessor-version":[{"id":10485,"href":"https:\/\/radioparquecde.com\/index.php\/wp-json\/wp\/v2\/posts\/10479\/revisions\/10485"}],"wp:featuredmedia":[{"embeddable":true,"href":"https:\/\/radioparquecde.com\/index.php\/wp-json\/wp\/v2\/media\/10483"}],"wp:attachment":[{"href":"https:\/\/radioparquecde.com\/index.php\/wp-json\/wp\/v2\/media?parent=10479"}],"wp:term":[{"taxonomy":"category","embeddable":true,"href":"https:\/\/radioparquecde.com\/index.php\/wp-json\/wp\/v2\/categories?post=10479"},{"taxonomy":"post_tag","embeddable":true,"href":"https:\/\/radioparquecde.com\/index.php\/wp-json\/wp\/v2\/tags?post=10479"}],"curies":[{"name":"wp","href":"https:\/\/api.w.org\/{rel}","templated":true}]}}