{"id":10509,"date":"2023-05-27T09:33:02","date_gmt":"2023-05-27T13:33:02","guid":{"rendered":"https:\/\/radioparquecde.com\/?p=10509"},"modified":"2023-05-27T09:33:03","modified_gmt":"2023-05-27T13:33:03","slug":"transportadora-sufre-nuevo-asalto-en-la-zona-de-itaipyte-sur","status":"publish","type":"post","link":"https:\/\/radioparquecde.com\/index.php\/2023\/05\/27\/transportadora-sufre-nuevo-asalto-en-la-zona-de-itaipyte-sur\/","title":{"rendered":"Transportadora Sufre Nuevo Asalto en la zona de Itaipyte sur"},"content":{"rendered":"\n<p>En la madrugada de hoy, aproximadamente a la 01:00 horas, se produjo un robo agravado en la ruta 7, espec\u00edficamente en el kil\u00f3metro 60, bajo la jurisdicci\u00f3n de la subcomisar\u00eda ubicada a 300 metros de la entrada de la Colonia Itaipyte Sur. El objetivo de este acto delictivo fue el robo de mercader\u00edas pertenecientes a una reconocida transportadora.<\/p>\n\n\n\n<p>La mercaderia en cuesti\u00f3n, compuesta por varios vol\u00famenes cuya cantidad <a><\/a>a\u00fan se encuentra por confirmar, se encontraba en el interior de un cami\u00f3n Scania de color rojo, con la matr\u00edcula GAH-659 y el chasis XLEP6X20004462745. El veh\u00edculo estaba registrado a nombre de Jos\u00e9 Marqui\u00f1o Copperi Santini. En el momento del atraco, el cami\u00f3n era conducido por Jorge Cacere Figueredo, ciudadano paraguayo mayor de edad. Cabe destacar que la empresa propietaria del cami\u00f3n es \u00abTransportadora del Este Expres\u00bb, perteneciente a Fidel Amado Peralta, tambi\u00e9n ciudadano paraguayo mayor de edad.<\/p>\n\n\n\n<p>Seg\u00fan los informes recabados, se presume que el robo fue perpetrado por personas desconocidas. Durante el asalto, dos autom\u00f3viles tipo Premio, uno de color blanco y otro gris, se aproximaron al cami\u00f3n y lo rodearon. En total, se estima que entre 4 y 8 delincuentes del g\u00e9nero masculino, todos portando armas de fuego, participaron en la acci\u00f3n delictiva.<\/p>\n\n\n\n<p>Bajo amenazas y utilizando la fuerza, los delincuentes obligaron al conductor a desviarse hacia una calle terraplenada ubicada a 300 metros de la mencionada ruta. Una vez all\u00ed, abandonaron el cami\u00f3n, dejando al chofer maniatado tanto de pies y manos. Junto al veh\u00edculo, se encontraron varios objetos que hab\u00edan sido descartados por los asaltantes, como una sombrilla, un termo y una valija.<\/p>\n\n\n\n<p>El hecho fue reportado al Agente Fiscal de la Ciudad de Iru\u00f1a, el Abog. Cristian Roja, quien orden\u00f3 que tanto el cami\u00f3n como la mercader\u00eda sean remitidos a la subcomisar\u00eda. En respuesta a la situaci\u00f3n, personal de investigaciones de la ciudad de Santa Rita, a cargo del Subcomisario Derlis Nu\u00f1ez, se hizo presente en el lugar para llevar adelante las diligencias correspondientes.<\/p>\n\n\n\n<p><a href=\"https:\/\/www.facebook.com\/photo\/?fbid=624400819725132&amp;set=pcb.624401089725105&amp;__cft__[0]=AZVWDV1idvY_dCXt3fQ2CmvDolpEK1bljDXLGI16qhPwtPpY8K0CGaf1diBHpgVjPusUzvmg_T6_-1efmgu75jDMWnOpZt3DoKFlDfGFOFTn20_n3I8LXV9GxozGPxhEpw3QbtPBOIm426gwMertC52x_C3Qz4opvHiqlgBB7ExeHz9UyyE0-IoHd7031_uSmAo&amp;__tn__=*bH-R\"><\/a><\/p>\n\n\n\n<figure class=\"wp-block-image\"><a href=\"https:\/\/www.facebook.com\/photo\/?fbid=624400819725132&amp;set=pcb.624401089725105&amp;__cft__[0]=AZVWDV1idvY_dCXt3fQ2CmvDolpEK1bljDXLGI16qhPwtPpY8K0CGaf1diBHpgVjPusUzvmg_T6_-1efmgu75jDMWnOpZt3DoKFlDfGFOFTn20_n3I8LXV9GxozGPxhEpw3QbtPBOIm426gwMertC52x_C3Qz4opvHiqlgBB7ExeHz9UyyE0-IoHd7031_uSmAo&amp;__tn__=*bH-R\"><img decoding=\"async\" src=\"https:\/\/scontent.fasu6-1.fna.fbcdn.net\/v\/t39.30808-6\/349629564_1178164639533939_1730605436761516664_n.jpg?stp=dst-jpg_s600x600&amp;_nc_cat=101&amp;ccb=1-7&amp;_nc_sid=730e14&amp;_nc_eui2=AeED9ld9CkTF51p8sfsb1DNvI0q8UDo8-sQjSrxQOjz6xJeNMn4Gofo_Quhx9D_1G2P3YIH5AaCoOHXjD8dFNKcU&amp;_nc_ohc=QQMaQEumc2YAX-X7S03&amp;_nc_ht=scontent.fasu6-1.fna&amp;oh=00_AfBReWF4jGm8rfLA-lWp_IRKj_ImyQ2hNB7bHpRPTdCDnw&amp;oe=647799BE\" alt=\"\"\/><\/a><\/figure>\n\n\n\n<p><a href=\"https:\/\/www.facebook.com\/photo\/?fbid=624400853058462&amp;set=pcb.624401089725105&amp;__cft__[0]=AZVWDV1idvY_dCXt3fQ2CmvDolpEK1bljDXLGI16qhPwtPpY8K0CGaf1diBHpgVjPusUzvmg_T6_-1efmgu75jDMWnOpZt3DoKFlDfGFOFTn20_n3I8LXV9GxozGPxhEpw3QbtPBOIm426gwMertC52x_C3Qz4opvHiqlgBB7ExeHz9UyyE0-IoHd7031_uSmAo&amp;__tn__=*bH-R\"><\/a><\/p>\n\n\n\n<figure class=\"wp-block-image\"><a href=\"https:\/\/www.facebook.com\/photo\/?fbid=624400853058462&amp;set=pcb.624401089725105&amp;__cft__[0]=AZVWDV1idvY_dCXt3fQ2CmvDolpEK1bljDXLGI16qhPwtPpY8K0CGaf1diBHpgVjPusUzvmg_T6_-1efmgu75jDMWnOpZt3DoKFlDfGFOFTn20_n3I8LXV9GxozGPxhEpw3QbtPBOIm426gwMertC52x_C3Qz4opvHiqlgBB7ExeHz9UyyE0-IoHd7031_uSmAo&amp;__tn__=*bH-R\"><img decoding=\"async\" src=\"https:\/\/scontent.fasu6-2.fna.fbcdn.net\/v\/t39.30808-6\/349701299_1013254189699411_816740682862915796_n.jpg?stp=dst-jpg_s600x600&amp;_nc_cat=103&amp;ccb=1-7&amp;_nc_sid=730e14&amp;_nc_eui2=AeEG9W7laZJtobqWjRDBKOVsTyuWQo2W35RPK5ZCjZbflNW-RxaZl7A_1Qcy8d4ckU4_OcVWdsQy_YnDfLY6IB2Y&amp;_nc_ohc=ppqzQ7Qp4M4AX-UO8-_&amp;_nc_ht=scontent.fasu6-2.fna&amp;oh=00_AfAjis40uia6lwyQu2vernY2_TNtWNZroXhK4npYMcTM2w&amp;oe=64779988\" alt=\"\"\/><\/a><\/figure>\n\n\n\n<p><a href=\"https:\/\/www.facebook.com\/photo\/?fbid=624400916391789&amp;set=pcb.624401089725105&amp;__cft__[0]=AZVWDV1idvY_dCXt3fQ2CmvDolpEK1bljDXLGI16qhPwtPpY8K0CGaf1diBHpgVjPusUzvmg_T6_-1efmgu75jDMWnOpZt3DoKFlDfGFOFTn20_n3I8LXV9GxozGPxhEpw3QbtPBOIm426gwMertC52x_C3Qz4opvHiqlgBB7ExeHz9UyyE0-IoHd7031_uSmAo&amp;__tn__=*bH-R\"><\/a><\/p>\n\n\n\n<figure class=\"wp-block-image\"><a href=\"https:\/\/www.facebook.com\/photo\/?fbid=624400916391789&amp;set=pcb.624401089725105&amp;__cft__[0]=AZVWDV1idvY_dCXt3fQ2CmvDolpEK1bljDXLGI16qhPwtPpY8K0CGaf1diBHpgVjPusUzvmg_T6_-1efmgu75jDMWnOpZt3DoKFlDfGFOFTn20_n3I8LXV9GxozGPxhEpw3QbtPBOIm426gwMertC52x_C3Qz4opvHiqlgBB7ExeHz9UyyE0-IoHd7031_uSmAo&amp;__tn__=*bH-R\"><img decoding=\"async\" src=\"https:\/\/scontent.fasu6-2.fna.fbcdn.net\/v\/t39.30808-6\/350138134_1093274941629057_8409344196639856733_n.jpg?stp=dst-jpg_s600x600&amp;_nc_cat=106&amp;ccb=1-7&amp;_nc_sid=730e14&amp;_nc_eui2=AeFEZ-2jCPPVD0v-t510bXtsBURkeTWPO9YFRGR5NY871hJ-rqUEjglXEmf5PgKu5hMc8a0S4QZfxi5dnojgI3Jy&amp;_nc_ohc=Ayq_XPSXQp4AX-gxoph&amp;_nc_ht=scontent.fasu6-2.fna&amp;oh=00_AfBSlEKC8YyaY5NwQxqODB06LxBqfVJ3FDbpQl-SHNilYA&amp;oe=64777424\" alt=\"\"\/><\/a><\/figure>\n\n\n\n<p><a href=\"https:\/\/www.facebook.com\/photo\/?fbid=624401043058443&amp;set=pcb.624401089725105&amp;__cft__[0]=AZVWDV1idvY_dCXt3fQ2CmvDolpEK1bljDXLGI16qhPwtPpY8K0CGaf1diBHpgVjPusUzvmg_T6_-1efmgu75jDMWnOpZt3DoKFlDfGFOFTn20_n3I8LXV9GxozGPxhEpw3QbtPBOIm426gwMertC52x_C3Qz4opvHiqlgBB7ExeHz9UyyE0-IoHd7031_uSmAo&amp;__tn__=*bH-R\"><\/a><\/p>\n\n\n\n<figure class=\"wp-block-image\"><a href=\"https:\/\/www.facebook.com\/photo\/?fbid=624401043058443&amp;set=pcb.624401089725105&amp;__cft__[0]=AZVWDV1idvY_dCXt3fQ2CmvDolpEK1bljDXLGI16qhPwtPpY8K0CGaf1diBHpgVjPusUzvmg_T6_-1efmgu75jDMWnOpZt3DoKFlDfGFOFTn20_n3I8LXV9GxozGPxhEpw3QbtPBOIm426gwMertC52x_C3Qz4opvHiqlgBB7ExeHz9UyyE0-IoHd7031_uSmAo&amp;__tn__=*bH-R\"><img decoding=\"async\" src=\"https:\/\/scontent.fasu6-2.fna.fbcdn.net\/v\/t39.30808-6\/349331115_270907425412546_235825200495735469_n.jpg?stp=dst-jpg_s600x600&amp;_nc_cat=106&amp;ccb=1-7&amp;_nc_sid=730e14&amp;_nc_eui2=AeGhcXVO1nxA-p3TC4RH8Rfds7zoy-SncfKzvOjL5Kdx8tL501zrS0rV-7sxDN0SdIBXZA1cFpUbo-Kc15YghIe7&amp;_nc_ohc=TjRtNxKS8DYAX_mt2PG&amp;_nc_ht=scontent.fasu6-2.fna&amp;oh=00_AfCC2Nw40YD6gXxafB8oLMQcohWeZzPHAX14xDWJIXpxkQ&amp;oe=64767C6A\" alt=\"\"\/><\/a><\/figure>\n","protected":false},"excerpt":{"rendered":"<p>En la madrugada de hoy, aproximadamente a la 01:00 horas, se produjo un robo agravado&#8230;<\/p>\n","protected":false},"author":3,"featured_media":10511,"comment_status":"closed","ping_status":"closed","sticky":false,"template":"","format":"standard","meta":{"footnotes":""},"categories":[2,6],"tags":[],"class_list":["post-10509","post","type-post","status-publish","format-standard","has-post-thumbnail","hentry","category-destacadas","category-noticias"],"featured_image_urls":{"full":["https:\/\/radioparquecde.com\/wp-content\/uploads\/2023\/05\/349629564_1178164639533939_1730605436761516664_n.jpg",1599,899,false],"thumbnail":["https:\/\/radioparquecde.com\/wp-content\/uploads\/2023\/05\/349629564_1178164639533939_1730605436761516664_n-150x150.jpg",150,150,true],"medium":["https:\/\/radioparquecde.com\/wp-content\/uploads\/2023\/05\/349629564_1178164639533939_1730605436761516664_n-300x169.jpg",300,169,true],"medium_large":["https:\/\/radioparquecde.com\/wp-content\/uploads\/2023\/05\/349629564_1178164639533939_1730605436761516664_n-768x432.jpg",640,360,true],"large":["https:\/\/radioparquecde.com\/wp-content\/uploads\/2023\/05\/349629564_1178164639533939_1730605436761516664_n-1024x576.jpg",640,360,true],"1536x1536":["https:\/\/radioparquecde.com\/wp-content\/uploads\/2023\/05\/349629564_1178164639533939_1730605436761516664_n-1536x864.jpg",1536,864,true],"2048x2048":["https:\/\/radioparquecde.com\/wp-content\/uploads\/2023\/05\/349629564_1178164639533939_1730605436761516664_n.jpg",1599,899,false],"newsphere-slider-full":["https:\/\/radioparquecde.com\/wp-content\/uploads\/2023\/05\/349629564_1178164639533939_1730605436761516664_n-1280x720.jpg",1280,720,true],"newsphere-featured":["https:\/\/radioparquecde.com\/wp-content\/uploads\/2023\/05\/349629564_1178164639533939_1730605436761516664_n-1024x576.jpg",1024,576,true],"newsphere-medium":["https:\/\/radioparquecde.com\/wp-content\/uploads\/2023\/05\/349629564_1178164639533939_1730605436761516664_n-720x380.jpg",720,380,true]},"author_info":{"display_name":"Editor","author_link":"https:\/\/radioparquecde.com\/index.php\/author\/editor\/"},"category_info":"<a href=\"https:\/\/radioparquecde.com\/index.php\/category\/noticias\/destacadas\/\" rel=\"category tag\">Destacadas<\/a> <a href=\"https:\/\/radioparquecde.com\/index.php\/category\/noticias\/\" rel=\"category tag\">Noticias<\/a>","tag_info":"Noticias","comment_count":"0","_links":{"self":[{"href":"https:\/\/radioparquecde.com\/index.php\/wp-json\/wp\/v2\/posts\/10509","targetHints":{"allow":["GET"]}}],"collection":[{"href":"https:\/\/radioparquecde.com\/index.php\/wp-json\/wp\/v2\/posts"}],"about":[{"href":"https:\/\/radioparquecde.com\/index.php\/wp-json\/wp\/v2\/types\/post"}],"author":[{"embeddable":true,"href":"https:\/\/radioparquecde.com\/index.php\/wp-json\/wp\/v2\/users\/3"}],"replies":[{"embeddable":true,"href":"https:\/\/radioparquecde.com\/index.php\/wp-json\/wp\/v2\/comments?post=10509"}],"version-history":[{"count":1,"href":"https:\/\/radioparquecde.com\/index.php\/wp-json\/wp\/v2\/posts\/10509\/revisions"}],"predecessor-version":[{"id":10512,"href":"https:\/\/radioparquecde.com\/index.php\/wp-json\/wp\/v2\/posts\/10509\/revisions\/10512"}],"wp:featuredmedia":[{"embeddable":true,"href":"https:\/\/radioparquecde.com\/index.php\/wp-json\/wp\/v2\/media\/10511"}],"wp:attachment":[{"href":"https:\/\/radioparquecde.com\/index.php\/wp-json\/wp\/v2\/media?parent=10509"}],"wp:term":[{"taxonomy":"category","embeddable":true,"href":"https:\/\/radioparquecde.com\/index.php\/wp-json\/wp\/v2\/categories?post=10509"},{"taxonomy":"post_tag","embeddable":true,"href":"https:\/\/radioparquecde.com\/index.php\/wp-json\/wp\/v2\/tags?post=10509"}],"curies":[{"name":"wp","href":"https:\/\/api.w.org\/{rel}","templated":true}]}}