{"id":10568,"date":"2023-05-29T13:51:26","date_gmt":"2023-05-29T17:51:26","guid":{"rendered":"https:\/\/radioparquecde.com\/?p=10568"},"modified":"2023-05-29T13:51:27","modified_gmt":"2023-05-29T17:51:27","slug":"un-80-del-plra-coincide-en-que-efrain-no-puede-seguir-como-titular-del-partido-dice-intendente","status":"publish","type":"post","link":"https:\/\/radioparquecde.com\/index.php\/2023\/05\/29\/un-80-del-plra-coincide-en-que-efrain-no-puede-seguir-como-titular-del-partido-dice-intendente\/","title":{"rendered":"Un 80% del PLRA coincide en que Efra\u00edn no puede seguir como titular del Partido, dice intendente"},"content":{"rendered":"\n<p>El intendente de Caaguaz\u00fa, Jos\u00e9 \u201cPapu\u201d R\u00edos, manifest\u00f3 que tras la reuni\u00f3n de de jefes municipales liberales, la postura de pedir a Efra\u00edn Alegre \u201cdar un paso al costado\u201d, fue consensuado con todos sus correligionarios. Adem\u00e1s, R\u00edos se\u00f1al\u00f3 que un sector mayoritarios del PLRA pide la salida de Alegre de la presidencia del PLRA.<\/p>\n\n\n\n<figure class=\"wp-block-image size-full\"><img loading=\"lazy\" decoding=\"async\" width=\"640\" height=\"360\" src=\"https:\/\/radioparquecde.com\/wp-content\/uploads\/2023\/05\/130421234548_efrain_alegre_304x171_ap.jpg\" alt=\"\" class=\"wp-image-10570\" srcset=\"https:\/\/radioparquecde.com\/wp-content\/uploads\/2023\/05\/130421234548_efrain_alegre_304x171_ap.jpg 640w, https:\/\/radioparquecde.com\/wp-content\/uploads\/2023\/05\/130421234548_efrain_alegre_304x171_ap-300x169.jpg 300w\" sizes=\"auto, (max-width: 640px) 100vw, 640px\" \/><\/figure>\n","protected":false},"excerpt":{"rendered":"<p>El intendente de Caaguaz\u00fa, Jos\u00e9 \u201cPapu\u201d R\u00edos, manifest\u00f3 que tras la reuni\u00f3n de de jefes&#8230;<\/p>\n","protected":false},"author":3,"featured_media":10571,"comment_status":"closed","ping_status":"closed","sticky":false,"template":"","format":"standard","meta":{"footnotes":""},"categories":[6,11],"tags":[],"class_list":["post-10568","post","type-post","status-publish","format-standard","has-post-thumbnail","hentry","category-noticias","category-politica"],"featured_image_urls":{"full":["https:\/\/radioparquecde.com\/wp-content\/uploads\/2023\/05\/130421234548_efrain_alegre_304x171_ap-1.jpg",640,360,false],"thumbnail":["https:\/\/radioparquecde.com\/wp-content\/uploads\/2023\/05\/130421234548_efrain_alegre_304x171_ap-1-150x150.jpg",150,150,true],"medium":["https:\/\/radioparquecde.com\/wp-content\/uploads\/2023\/05\/130421234548_efrain_alegre_304x171_ap-1-300x169.jpg",300,169,true],"medium_large":["https:\/\/radioparquecde.com\/wp-content\/uploads\/2023\/05\/130421234548_efrain_alegre_304x171_ap-1.jpg",640,360,false],"large":["https:\/\/radioparquecde.com\/wp-content\/uploads\/2023\/05\/130421234548_efrain_alegre_304x171_ap-1.jpg",640,360,false],"1536x1536":["https:\/\/radioparquecde.com\/wp-content\/uploads\/2023\/05\/130421234548_efrain_alegre_304x171_ap-1.jpg",640,360,false],"2048x2048":["https:\/\/radioparquecde.com\/wp-content\/uploads\/2023\/05\/130421234548_efrain_alegre_304x171_ap-1.jpg",640,360,false],"newsphere-slider-full":["https:\/\/radioparquecde.com\/wp-content\/uploads\/2023\/05\/130421234548_efrain_alegre_304x171_ap-1.jpg",640,360,false],"newsphere-featured":["https:\/\/radioparquecde.com\/wp-content\/uploads\/2023\/05\/130421234548_efrain_alegre_304x171_ap-1.jpg",640,360,false],"newsphere-medium":["https:\/\/radioparquecde.com\/wp-content\/uploads\/2023\/05\/130421234548_efrain_alegre_304x171_ap-1.jpg",640,360,false]},"author_info":{"display_name":"Editor","author_link":"https:\/\/radioparquecde.com\/index.php\/author\/editor\/"},"category_info":"<a href=\"https:\/\/radioparquecde.com\/index.php\/category\/noticias\/\" rel=\"category tag\">Noticias<\/a> <a href=\"https:\/\/radioparquecde.com\/index.php\/category\/noticias\/politica\/\" rel=\"category tag\">Pol\u00edtica<\/a>","tag_info":"Pol\u00edtica","comment_count":"0","_links":{"self":[{"href":"https:\/\/radioparquecde.com\/index.php\/wp-json\/wp\/v2\/posts\/10568","targetHints":{"allow":["GET"]}}],"collection":[{"href":"https:\/\/radioparquecde.com\/index.php\/wp-json\/wp\/v2\/posts"}],"about":[{"href":"https:\/\/radioparquecde.com\/index.php\/wp-json\/wp\/v2\/types\/post"}],"author":[{"embeddable":true,"href":"https:\/\/radioparquecde.com\/index.php\/wp-json\/wp\/v2\/users\/3"}],"replies":[{"embeddable":true,"href":"https:\/\/radioparquecde.com\/index.php\/wp-json\/wp\/v2\/comments?post=10568"}],"version-history":[{"count":1,"href":"https:\/\/radioparquecde.com\/index.php\/wp-json\/wp\/v2\/posts\/10568\/revisions"}],"predecessor-version":[{"id":10572,"href":"https:\/\/radioparquecde.com\/index.php\/wp-json\/wp\/v2\/posts\/10568\/revisions\/10572"}],"wp:featuredmedia":[{"embeddable":true,"href":"https:\/\/radioparquecde.com\/index.php\/wp-json\/wp\/v2\/media\/10571"}],"wp:attachment":[{"href":"https:\/\/radioparquecde.com\/index.php\/wp-json\/wp\/v2\/media?parent=10568"}],"wp:term":[{"taxonomy":"category","embeddable":true,"href":"https:\/\/radioparquecde.com\/index.php\/wp-json\/wp\/v2\/categories?post=10568"},{"taxonomy":"post_tag","embeddable":true,"href":"https:\/\/radioparquecde.com\/index.php\/wp-json\/wp\/v2\/tags?post=10568"}],"curies":[{"name":"wp","href":"https:\/\/api.w.org\/{rel}","templated":true}]}}