{"id":10789,"date":"2023-06-05T07:56:35","date_gmt":"2023-06-05T11:56:35","guid":{"rendered":"https:\/\/radioparquecde.com\/?p=10789"},"modified":"2023-06-05T07:56:36","modified_gmt":"2023-06-05T11:56:36","slug":"agricultor-sufrio-millonariohurto-por-parte-de-tortoleros","status":"publish","type":"post","link":"https:\/\/radioparquecde.com\/index.php\/2023\/06\/05\/agricultor-sufrio-millonariohurto-por-parte-de-tortoleros\/","title":{"rendered":"Agricultor sufri\u00f3 millonariohurto por parte de \u201ctortoleros\u201d"},"content":{"rendered":"\n<p>MBACARAYU. Un agricultor que participaba de una fiesta de San Juan sufri\u00f3 un millonario hurto de dinero por parte de delincuentes que aprovecharon esa situaci\u00f3n para romper la ventanilla de su veh\u00edculo. Adem\u00e1s de un millonario monto, los ladrones tambi\u00e9n llevaron un arma de fuego y documentos varios. El hurto se registr\u00f3 entre las 19:30 y 20:30 horas del s\u00e1bado en el predio de la parroquia 12 Ap\u00f3stoles.<\/p>\n\n\n\n<figure class=\"wp-block-image size-full\"><img loading=\"lazy\" decoding=\"async\" width=\"770\" height=\"513\" src=\"https:\/\/radioparquecde.com\/wp-content\/uploads\/2023\/06\/autos-ventanas-rotasjpg.webp\" alt=\"\" class=\"wp-image-10791\" srcset=\"https:\/\/radioparquecde.com\/wp-content\/uploads\/2023\/06\/autos-ventanas-rotasjpg.webp 770w, https:\/\/radioparquecde.com\/wp-content\/uploads\/2023\/06\/autos-ventanas-rotasjpg-300x200.webp 300w, https:\/\/radioparquecde.com\/wp-content\/uploads\/2023\/06\/autos-ventanas-rotasjpg-768x512.webp 768w\" sizes=\"auto, (max-width: 770px) 100vw, 770px\" \/><\/figure>\n\n\n\n<p>El agricultor <a><\/a>Rodrigo Antonio Ferrandin Furlan (32) denunci\u00f3 ante la Comisar\u00eda 14 el hurto de G. 10 millones y R$ 10.000 (G. 14,5 millones) en efectivo, adem\u00e1s de una pistola calibre 9mm y documentos de tenencia de otras cuatro armas de fuego. Todo se encontraba en el interior de su camioneta Dodge Ram, que sufri\u00f3 la rotura de la ventanilla trasera del lado derecho.<\/p>\n\n\n\n<p>Ferrandin mencion\u00f3 a los polic\u00edas que estacion\u00f3 su veh\u00edculo en la parte trasera de la parroquia para ingresar a la fiesta de San Juan que se estaba celebrando en ese momento. Una hora despu\u00e9s se dirigi\u00f3 de nuevo a su camioneta para volver a su casa y se percat\u00f3 que la ventanilla fue rota por desconocidos. Agreg\u00f3 que no hubo testigos, por lo que desconoce cu\u00e1ntas personas cometieron el hecho y en qu\u00e9 tipo de veh\u00edculo de movilizaban.<\/p>\n","protected":false},"excerpt":{"rendered":"<p>MBACARAYU. Un agricultor que participaba de una fiesta de San Juan sufri\u00f3 un millonario hurto&#8230;<\/p>\n","protected":false},"author":3,"featured_media":10792,"comment_status":"closed","ping_status":"closed","sticky":false,"template":"","format":"standard","meta":{"footnotes":""},"categories":[48,6],"tags":[],"class_list":["post-10789","post","type-post","status-publish","format-standard","has-post-thumbnail","hentry","category-alto-parana","category-noticias"],"featured_image_urls":{"full":["https:\/\/radioparquecde.com\/wp-content\/uploads\/2023\/06\/autos-ventanas-rotasjpg-1.webp",770,513,false],"thumbnail":["https:\/\/radioparquecde.com\/wp-content\/uploads\/2023\/06\/autos-ventanas-rotasjpg-1-150x150.webp",150,150,true],"medium":["https:\/\/radioparquecde.com\/wp-content\/uploads\/2023\/06\/autos-ventanas-rotasjpg-1-300x200.webp",300,200,true],"medium_large":["https:\/\/radioparquecde.com\/wp-content\/uploads\/2023\/06\/autos-ventanas-rotasjpg-1-768x512.webp",640,427,true],"large":["https:\/\/radioparquecde.com\/wp-content\/uploads\/2023\/06\/autos-ventanas-rotasjpg-1.webp",640,426,false],"1536x1536":["https:\/\/radioparquecde.com\/wp-content\/uploads\/2023\/06\/autos-ventanas-rotasjpg-1.webp",770,513,false],"2048x2048":["https:\/\/radioparquecde.com\/wp-content\/uploads\/2023\/06\/autos-ventanas-rotasjpg-1.webp",770,513,false],"newsphere-slider-full":["https:\/\/radioparquecde.com\/wp-content\/uploads\/2023\/06\/autos-ventanas-rotasjpg-1.webp",770,513,false],"newsphere-featured":["https:\/\/radioparquecde.com\/wp-content\/uploads\/2023\/06\/autos-ventanas-rotasjpg-1.webp",770,513,false],"newsphere-medium":["https:\/\/radioparquecde.com\/wp-content\/uploads\/2023\/06\/autos-ventanas-rotasjpg-1-720x380.webp",720,380,true]},"author_info":{"display_name":"Editor","author_link":"https:\/\/radioparquecde.com\/index.php\/author\/editor\/"},"category_info":"<a href=\"https:\/\/radioparquecde.com\/index.php\/category\/alto-parana\/\" rel=\"category tag\">ALTO PARAN\u00c1<\/a> <a href=\"https:\/\/radioparquecde.com\/index.php\/category\/noticias\/\" rel=\"category tag\">Noticias<\/a>","tag_info":"Noticias","comment_count":"0","_links":{"self":[{"href":"https:\/\/radioparquecde.com\/index.php\/wp-json\/wp\/v2\/posts\/10789","targetHints":{"allow":["GET"]}}],"collection":[{"href":"https:\/\/radioparquecde.com\/index.php\/wp-json\/wp\/v2\/posts"}],"about":[{"href":"https:\/\/radioparquecde.com\/index.php\/wp-json\/wp\/v2\/types\/post"}],"author":[{"embeddable":true,"href":"https:\/\/radioparquecde.com\/index.php\/wp-json\/wp\/v2\/users\/3"}],"replies":[{"embeddable":true,"href":"https:\/\/radioparquecde.com\/index.php\/wp-json\/wp\/v2\/comments?post=10789"}],"version-history":[{"count":1,"href":"https:\/\/radioparquecde.com\/index.php\/wp-json\/wp\/v2\/posts\/10789\/revisions"}],"predecessor-version":[{"id":10793,"href":"https:\/\/radioparquecde.com\/index.php\/wp-json\/wp\/v2\/posts\/10789\/revisions\/10793"}],"wp:featuredmedia":[{"embeddable":true,"href":"https:\/\/radioparquecde.com\/index.php\/wp-json\/wp\/v2\/media\/10792"}],"wp:attachment":[{"href":"https:\/\/radioparquecde.com\/index.php\/wp-json\/wp\/v2\/media?parent=10789"}],"wp:term":[{"taxonomy":"category","embeddable":true,"href":"https:\/\/radioparquecde.com\/index.php\/wp-json\/wp\/v2\/categories?post=10789"},{"taxonomy":"post_tag","embeddable":true,"href":"https:\/\/radioparquecde.com\/index.php\/wp-json\/wp\/v2\/tags?post=10789"}],"curies":[{"name":"wp","href":"https:\/\/api.w.org\/{rel}","templated":true}]}}