{"id":10974,"date":"2023-06-08T10:52:09","date_gmt":"2023-06-08T14:52:09","guid":{"rendered":"https:\/\/radioparquecde.com\/?p=10974"},"modified":"2023-06-08T10:52:11","modified_gmt":"2023-06-08T14:52:11","slug":"indigente-fue-apunalado-en-el-mercado-de-abasto","status":"publish","type":"post","link":"https:\/\/radioparquecde.com\/index.php\/2023\/06\/08\/indigente-fue-apunalado-en-el-mercado-de-abasto\/","title":{"rendered":"Indigente fue apu\u00f1alado en el Mercado de Abasto"},"content":{"rendered":"\n<p>En la madrugada de este jueves la polic\u00eda report\u00f3 un caso de persona apu\u00f1alada frente a un comercio del Mercado de Abasto de Ciudad del Este.<\/p>\n\n\n\n<figure class=\"wp-block-image size-large\"><img loading=\"lazy\" decoding=\"async\" width=\"689\" height=\"1024\" src=\"https:\/\/radioparquecde.com\/wp-content\/uploads\/2023\/06\/351802531_288062440317420_3740312306494823738_n-689x1024.jpg\" alt=\"\" class=\"wp-image-10976\" srcset=\"https:\/\/radioparquecde.com\/wp-content\/uploads\/2023\/06\/351802531_288062440317420_3740312306494823738_n-689x1024.jpg 689w, https:\/\/radioparquecde.com\/wp-content\/uploads\/2023\/06\/351802531_288062440317420_3740312306494823738_n-202x300.jpg 202w, https:\/\/radioparquecde.com\/wp-content\/uploads\/2023\/06\/351802531_288062440317420_3740312306494823738_n.jpg 750w\" sizes=\"auto, (max-width: 689px) 100vw, 689px\" \/><\/figure>\n\n\n\n<p><a><\/a>Result\u00f3 v\u00edctima el indigente Antonio Benitez Alvarenga (28), que sufri\u00f3 una herida cortante en el lado izquierdo de la espalda. Mientras era auxiliado solamente mencion\u00f3 que fue atacado por dos desconocidos, supuestamente sin motivos aparentes.<\/p>\n\n\n\n<p>Bomberos voluntarios derivaron al herido hasta el Pabell\u00f3n de Emergencias M\u00e9dicas.<\/p>\n","protected":false},"excerpt":{"rendered":"<p>En la madrugada de este jueves la polic\u00eda report\u00f3 un caso de persona apu\u00f1alada frente&#8230;<\/p>\n","protected":false},"author":3,"featured_media":0,"comment_status":"closed","ping_status":"closed","sticky":false,"template":"","format":"standard","meta":{"footnotes":""},"categories":[48,6],"tags":[],"class_list":["post-10974","post","type-post","status-publish","format-standard","hentry","category-alto-parana","category-noticias"],"featured_image_urls":{"full":"","thumbnail":"","medium":"","medium_large":"","large":"","1536x1536":"","2048x2048":"","newsphere-slider-full":"","newsphere-featured":"","newsphere-medium":""},"author_info":{"display_name":"Editor","author_link":"https:\/\/radioparquecde.com\/index.php\/author\/editor\/"},"category_info":"<a href=\"https:\/\/radioparquecde.com\/index.php\/category\/alto-parana\/\" rel=\"category tag\">ALTO PARAN\u00c1<\/a> <a href=\"https:\/\/radioparquecde.com\/index.php\/category\/noticias\/\" rel=\"category tag\">Noticias<\/a>","tag_info":"Noticias","comment_count":"0","_links":{"self":[{"href":"https:\/\/radioparquecde.com\/index.php\/wp-json\/wp\/v2\/posts\/10974","targetHints":{"allow":["GET"]}}],"collection":[{"href":"https:\/\/radioparquecde.com\/index.php\/wp-json\/wp\/v2\/posts"}],"about":[{"href":"https:\/\/radioparquecde.com\/index.php\/wp-json\/wp\/v2\/types\/post"}],"author":[{"embeddable":true,"href":"https:\/\/radioparquecde.com\/index.php\/wp-json\/wp\/v2\/users\/3"}],"replies":[{"embeddable":true,"href":"https:\/\/radioparquecde.com\/index.php\/wp-json\/wp\/v2\/comments?post=10974"}],"version-history":[{"count":1,"href":"https:\/\/radioparquecde.com\/index.php\/wp-json\/wp\/v2\/posts\/10974\/revisions"}],"predecessor-version":[{"id":10977,"href":"https:\/\/radioparquecde.com\/index.php\/wp-json\/wp\/v2\/posts\/10974\/revisions\/10977"}],"wp:attachment":[{"href":"https:\/\/radioparquecde.com\/index.php\/wp-json\/wp\/v2\/media?parent=10974"}],"wp:term":[{"taxonomy":"category","embeddable":true,"href":"https:\/\/radioparquecde.com\/index.php\/wp-json\/wp\/v2\/categories?post=10974"},{"taxonomy":"post_tag","embeddable":true,"href":"https:\/\/radioparquecde.com\/index.php\/wp-json\/wp\/v2\/tags?post=10974"}],"curies":[{"name":"wp","href":"https:\/\/api.w.org\/{rel}","templated":true}]}}