{"id":10985,"date":"2023-06-08T11:58:13","date_gmt":"2023-06-08T15:58:13","guid":{"rendered":"https:\/\/radioparquecde.com\/?p=10985"},"modified":"2023-06-08T11:58:14","modified_gmt":"2023-06-08T15:58:14","slug":"coordinadora-colorada-de-dirigentes-de-base-de-alto-parana-rechaza-rotundamente-la-posible-designacion-de-justo-zacarias-como-director-de-itaipu","status":"publish","type":"post","link":"https:\/\/radioparquecde.com\/index.php\/2023\/06\/08\/coordinadora-colorada-de-dirigentes-de-base-de-alto-parana-rechaza-rotundamente-la-posible-designacion-de-justo-zacarias-como-director-de-itaipu\/","title":{"rendered":"Coordinadora Colorada de Dirigentes de Base de Alto Paran\u00e1 rechaza rotundamente la posible designaci\u00f3n de Justo Zacar\u00edas\u00a0como director de Itaip\u00fa"},"content":{"rendered":"\n<figure class=\"wp-block-image size-full\"><img loading=\"lazy\" decoding=\"async\" width=\"901\" height=\"1024\" src=\"https:\/\/radioparquecde.com\/wp-content\/uploads\/2023\/06\/WhatsApp-Image-2023-06-08-at-06.30.26.jpeg\" alt=\"\" class=\"wp-image-10987\" srcset=\"https:\/\/radioparquecde.com\/wp-content\/uploads\/2023\/06\/WhatsApp-Image-2023-06-08-at-06.30.26.jpeg 901w, https:\/\/radioparquecde.com\/wp-content\/uploads\/2023\/06\/WhatsApp-Image-2023-06-08-at-06.30.26-264x300.jpeg 264w, https:\/\/radioparquecde.com\/wp-content\/uploads\/2023\/06\/WhatsApp-Image-2023-06-08-at-06.30.26-768x873.jpeg 768w\" sizes=\"auto, (max-width: 901px) 100vw, 901px\" \/><\/figure>\n\n\n\n<p><\/p>\n\n\n\n<p>La Coordinadora Colorada de Dirigentes de Base del Alto Paran\u00e1 ha expresado su rotundo rechazo ante la posible designaci\u00f3n de Justo Zacar\u00edas al cargo de Director General de la entidad binacional Itaip\u00fa. Esta designaci\u00f3n ha generado una gran preocupaci\u00f3n en la comunidad y entre los l\u00edderes colorados de la regi\u00f3n debido a las implicaciones que conlleva.<\/p>\n\n\n\n<p>Adem\u00e1s, el hecho de que Justo Zacar\u00edas haya estado involucrado en pol\u00edtica y en el manejo de cargos p\u00fablicos durante a\u00f1os, sin tener una trayectoria destacada o conocimientos especializados en la materia, tambi\u00e9n genera preocupaci\u00f3n.<\/p>\n","protected":false},"excerpt":{"rendered":"<p>La Coordinadora Colorada de Dirigentes de Base del Alto Paran\u00e1 ha expresado su rotundo rechazo&#8230;<\/p>\n","protected":false},"author":3,"featured_media":0,"comment_status":"closed","ping_status":"closed","sticky":false,"template":"","format":"standard","meta":{"footnotes":""},"categories":[1],"tags":[],"class_list":["post-10985","post","type-post","status-publish","format-standard","hentry","category-uncategorized"],"featured_image_urls":{"full":"","thumbnail":"","medium":"","medium_large":"","large":"","1536x1536":"","2048x2048":"","newsphere-slider-full":"","newsphere-featured":"","newsphere-medium":""},"author_info":{"display_name":"Editor","author_link":"https:\/\/radioparquecde.com\/index.php\/author\/editor\/"},"category_info":"<a href=\"https:\/\/radioparquecde.com\/index.php\/category\/uncategorized\/\" rel=\"category tag\">Uncategorized<\/a>","tag_info":"Uncategorized","comment_count":"0","_links":{"self":[{"href":"https:\/\/radioparquecde.com\/index.php\/wp-json\/wp\/v2\/posts\/10985","targetHints":{"allow":["GET"]}}],"collection":[{"href":"https:\/\/radioparquecde.com\/index.php\/wp-json\/wp\/v2\/posts"}],"about":[{"href":"https:\/\/radioparquecde.com\/index.php\/wp-json\/wp\/v2\/types\/post"}],"author":[{"embeddable":true,"href":"https:\/\/radioparquecde.com\/index.php\/wp-json\/wp\/v2\/users\/3"}],"replies":[{"embeddable":true,"href":"https:\/\/radioparquecde.com\/index.php\/wp-json\/wp\/v2\/comments?post=10985"}],"version-history":[{"count":1,"href":"https:\/\/radioparquecde.com\/index.php\/wp-json\/wp\/v2\/posts\/10985\/revisions"}],"predecessor-version":[{"id":10988,"href":"https:\/\/radioparquecde.com\/index.php\/wp-json\/wp\/v2\/posts\/10985\/revisions\/10988"}],"wp:attachment":[{"href":"https:\/\/radioparquecde.com\/index.php\/wp-json\/wp\/v2\/media?parent=10985"}],"wp:term":[{"taxonomy":"category","embeddable":true,"href":"https:\/\/radioparquecde.com\/index.php\/wp-json\/wp\/v2\/categories?post=10985"},{"taxonomy":"post_tag","embeddable":true,"href":"https:\/\/radioparquecde.com\/index.php\/wp-json\/wp\/v2\/tags?post=10985"}],"curies":[{"name":"wp","href":"https:\/\/api.w.org\/{rel}","templated":true}]}}