{"id":11030,"date":"2023-06-09T13:21:13","date_gmt":"2023-06-09T17:21:13","guid":{"rendered":"https:\/\/radioparquecde.com\/?p=11030"},"modified":"2023-06-09T13:21:14","modified_gmt":"2023-06-09T17:21:14","slug":"triple-choque-en-el-km-55-dejo-un-motociclista-herido","status":"publish","type":"post","link":"https:\/\/radioparquecde.com\/index.php\/2023\/06\/09\/triple-choque-en-el-km-55-dejo-un-motociclista-herido\/","title":{"rendered":"Triple choque en el km 5,5 dej\u00f3 un motociclista herido"},"content":{"rendered":"\n<blockquote class=\"wp-block-quote is-layout-flow wp-block-quote-is-layout-flow\">\n<p>Un choque triple se registr\u00f3 esta ma\u00f1ana, a la altura del km 5,5 sobre la ruta PY02, e involucr\u00f3 a una motocicleta y dos camionetas. En el percance result\u00f3 herido el motociclista, quien fue derivado al Hospital del Instituto de Previsi\u00f3n Social (IPS). Fue aproximadamente a las 07:20.<\/p>\n\n\n\n<figure class=\"wp-block-image size-full\"><img loading=\"lazy\" decoding=\"async\" width=\"870\" height=\"498\" src=\"https:\/\/radioparquecde.com\/wp-content\/uploads\/2023\/06\/lg-26d867c7e86e37783ec93255a2a26d62.jpg\" alt=\"\" class=\"wp-image-11032\" srcset=\"https:\/\/radioparquecde.com\/wp-content\/uploads\/2023\/06\/lg-26d867c7e86e37783ec93255a2a26d62.jpg 870w, https:\/\/radioparquecde.com\/wp-content\/uploads\/2023\/06\/lg-26d867c7e86e37783ec93255a2a26d62-300x172.jpg 300w, https:\/\/radioparquecde.com\/wp-content\/uploads\/2023\/06\/lg-26d867c7e86e37783ec93255a2a26d62-768x440.jpg 768w\" sizes=\"auto, (max-width: 870px) 100vw, 870px\" \/><\/figure>\n\n\n\n<p>El lesionado fue identificado como Ram\u00f3n Gilberto Dom\u00ednguez Ben\u00edtez, quien se movilizaba por dicha ruta en una motocicleta de la marca Kenton modelo C 100, chapa 611 AAIB, de color negro. Este fue auxiliado por la ambulancia del Cuerpo de Bomberos Voluntarios hasta dicho centro asistencial, donde qued\u00f3 en observaci\u00f3n, seg\u00fan el reporte de la Comisar\u00eda 7ma. San Jos\u00e9. No se detall\u00f3 c\u00f3mo habr\u00eda ocurrido el accidente.<\/p>\n<\/blockquote>\n","protected":false},"excerpt":{"rendered":"","protected":false},"author":3,"featured_media":11033,"comment_status":"closed","ping_status":"closed","sticky":false,"template":"","format":"standard","meta":{"footnotes":""},"categories":[48,6],"tags":[],"class_list":["post-11030","post","type-post","status-publish","format-standard","has-post-thumbnail","hentry","category-alto-parana","category-noticias"],"featured_image_urls":{"full":["https:\/\/radioparquecde.com\/wp-content\/uploads\/2023\/06\/lg-26d867c7e86e37783ec93255a2a26d62-1.jpg",870,498,false],"thumbnail":["https:\/\/radioparquecde.com\/wp-content\/uploads\/2023\/06\/lg-26d867c7e86e37783ec93255a2a26d62-1-150x150.jpg",150,150,true],"medium":["https:\/\/radioparquecde.com\/wp-content\/uploads\/2023\/06\/lg-26d867c7e86e37783ec93255a2a26d62-1-300x172.jpg",300,172,true],"medium_large":["https:\/\/radioparquecde.com\/wp-content\/uploads\/2023\/06\/lg-26d867c7e86e37783ec93255a2a26d62-1-768x440.jpg",640,367,true],"large":["https:\/\/radioparquecde.com\/wp-content\/uploads\/2023\/06\/lg-26d867c7e86e37783ec93255a2a26d62-1.jpg",640,366,false],"1536x1536":["https:\/\/radioparquecde.com\/wp-content\/uploads\/2023\/06\/lg-26d867c7e86e37783ec93255a2a26d62-1.jpg",870,498,false],"2048x2048":["https:\/\/radioparquecde.com\/wp-content\/uploads\/2023\/06\/lg-26d867c7e86e37783ec93255a2a26d62-1.jpg",870,498,false],"newsphere-slider-full":["https:\/\/radioparquecde.com\/wp-content\/uploads\/2023\/06\/lg-26d867c7e86e37783ec93255a2a26d62-1.jpg",870,498,false],"newsphere-featured":["https:\/\/radioparquecde.com\/wp-content\/uploads\/2023\/06\/lg-26d867c7e86e37783ec93255a2a26d62-1.jpg",870,498,false],"newsphere-medium":["https:\/\/radioparquecde.com\/wp-content\/uploads\/2023\/06\/lg-26d867c7e86e37783ec93255a2a26d62-1-720x380.jpg",720,380,true]},"author_info":{"display_name":"Editor","author_link":"https:\/\/radioparquecde.com\/index.php\/author\/editor\/"},"category_info":"<a href=\"https:\/\/radioparquecde.com\/index.php\/category\/alto-parana\/\" rel=\"category tag\">ALTO PARAN\u00c1<\/a> <a href=\"https:\/\/radioparquecde.com\/index.php\/category\/noticias\/\" rel=\"category tag\">Noticias<\/a>","tag_info":"Noticias","comment_count":"0","_links":{"self":[{"href":"https:\/\/radioparquecde.com\/index.php\/wp-json\/wp\/v2\/posts\/11030","targetHints":{"allow":["GET"]}}],"collection":[{"href":"https:\/\/radioparquecde.com\/index.php\/wp-json\/wp\/v2\/posts"}],"about":[{"href":"https:\/\/radioparquecde.com\/index.php\/wp-json\/wp\/v2\/types\/post"}],"author":[{"embeddable":true,"href":"https:\/\/radioparquecde.com\/index.php\/wp-json\/wp\/v2\/users\/3"}],"replies":[{"embeddable":true,"href":"https:\/\/radioparquecde.com\/index.php\/wp-json\/wp\/v2\/comments?post=11030"}],"version-history":[{"count":1,"href":"https:\/\/radioparquecde.com\/index.php\/wp-json\/wp\/v2\/posts\/11030\/revisions"}],"predecessor-version":[{"id":11034,"href":"https:\/\/radioparquecde.com\/index.php\/wp-json\/wp\/v2\/posts\/11030\/revisions\/11034"}],"wp:featuredmedia":[{"embeddable":true,"href":"https:\/\/radioparquecde.com\/index.php\/wp-json\/wp\/v2\/media\/11033"}],"wp:attachment":[{"href":"https:\/\/radioparquecde.com\/index.php\/wp-json\/wp\/v2\/media?parent=11030"}],"wp:term":[{"taxonomy":"category","embeddable":true,"href":"https:\/\/radioparquecde.com\/index.php\/wp-json\/wp\/v2\/categories?post=11030"},{"taxonomy":"post_tag","embeddable":true,"href":"https:\/\/radioparquecde.com\/index.php\/wp-json\/wp\/v2\/tags?post=11030"}],"curies":[{"name":"wp","href":"https:\/\/api.w.org\/{rel}","templated":true}]}}