{"id":11104,"date":"2023-06-12T08:16:24","date_gmt":"2023-06-12T12:16:24","guid":{"rendered":"https:\/\/radioparquecde.com\/?p=11104"},"modified":"2023-06-12T08:16:26","modified_gmt":"2023-06-12T12:16:26","slug":"controles-extorsivos-en-rutas-terminaranratifica-gobernador-electo-cesar-torres","status":"publish","type":"post","link":"https:\/\/radioparquecde.com\/index.php\/2023\/06\/12\/controles-extorsivos-en-rutas-terminaranratifica-gobernador-electo-cesar-torres\/","title":{"rendered":"Controles extorsivos en rutas terminar\u00e1n,ratifica gobernador electo, C\u00e9sar Torres"},"content":{"rendered":"\n<p>C\u00e9sar Orlando \u201cLandy\u201d Torres Arguello, gobernador electo y proclamado del Alto Paran\u00e1, ratific\u00f3 el \u00faltimo fin de semana, de que los controles ruteros que realiza la Patrulla Caminera en el departamento, solo sirven para extorsionar a los automovilistas, por lo que esta ilegal pr\u00e1ctica, terminar\u00e1, ratific\u00f3. Ya en campa\u00f1a electoral, el futuro ejecutivo departamental hab\u00eda prometido llevar adelante un mecanismo que debilite las extorsiones de polic\u00edas y Patrulla Caminera.<\/p>\n\n\n\n<figure class=\"wp-block-image size-large\"><img loading=\"lazy\" decoding=\"async\" width=\"1024\" height=\"683\" src=\"https:\/\/radioparquecde.com\/wp-content\/uploads\/2023\/06\/353464706_793575135465478_2468119699827322730_n-1024x683.jpg\" alt=\"\" class=\"wp-image-11106\" srcset=\"https:\/\/radioparquecde.com\/wp-content\/uploads\/2023\/06\/353464706_793575135465478_2468119699827322730_n-1024x683.jpg 1024w, https:\/\/radioparquecde.com\/wp-content\/uploads\/2023\/06\/353464706_793575135465478_2468119699827322730_n-300x200.jpg 300w, https:\/\/radioparquecde.com\/wp-content\/uploads\/2023\/06\/353464706_793575135465478_2468119699827322730_n-768x512.jpg 768w, https:\/\/radioparquecde.com\/wp-content\/uploads\/2023\/06\/353464706_793575135465478_2468119699827322730_n.jpg 1500w\" sizes=\"auto, (max-width: 1024px) 100vw, 1024px\" \/><\/figure>\n\n\n\n<p>\u201cLos controles extorsivos en las rutas nacionales de nuestro departamento, muchas veces de la Polic\u00eda Nacional, otras veces de la Patrulla Caminera, que est\u00e1n ahuyentando a la gente que visita Alto Paran\u00e1, van a terminar\u201d, enfatiz\u00f3.<\/p>\n\n\n\n<p>El pol\u00edtico fue tajante al manifestar que una vez que asuma el cargo, ser\u00e1 implacable en las determinaciones que adopte en tal sentido, ya que, adem\u00e1s de ser constantes las quejas de la ciudadan\u00eda, ahuyenta a turistas, especialmente a extranjeros, dijo. \u201cNo vamos a permitir eso, adem\u00e1s, el actual presidente electo Santiago Pe\u00f1a ya se comprometi\u00f3 conmigo en que hasta el 30 de diciembre se van a suspender todos los controles de la Patrulla Caminera. Pues, con este compromiso del presidente electo y ya en agosto, una vez instalado el nuevo gobierno, se adoptar\u00eda la decisi\u00f3n de suspensi\u00f3n de los controles en respuesta a las constantes denuncias de extorsiones en ruta\u201d, asever\u00f3.<\/p>\n\n\n\n<p>Esta situaci\u00f3n, la de los controles extorsivos, se repiten constantemente, por lo que genera un malestar ciudadano y una preocupaci\u00f3n por parte del electo gobernador, quien ratifica que intervendr\u00e1 en la instancia que sea, para que deje de ser un problema para la ciudadan\u00eda y que los organismos del Estado cumplan con sus funciones legalmente.<\/p>\n\n\n\n<p>LOMADAS<\/p>\n\n\n\n<p>As\u00ed mismo, Torres anunci\u00f3 que, una vez instalado en la Gobernaci\u00f3n del Alto Paran\u00e1, trabajar\u00e1 para instalar las lomadas electr\u00f3nicas en el departamento y convertirse, de esta manera, en la primera regi\u00f3n que cuente con ese sistema de lomadas en las rutas nacionales. Sostuvo que los reclamos son generalizados por parte de los usuarios de las rutas del departamento, en relaci\u00f3n a los controles ruteros que solo sirven para extorsionar, expres\u00f3. \u201cDesde todos los sectores por donde pasan las rutas nacionales hay reclamos generalizados sobre los controles extorsivos y esa es una realidad que debe ser atendida como prioridad\u201d, remarc\u00f3.<\/p>\n\n\n\n<p>TRABAJO INTERINSTITUCIONAL<\/p>\n\n\n\n<p>El viernes \u00faltimo, El futuro ejecutivo departamental se reuni\u00f3 con el fiscal general del Estado, Emiliano Rol\u00f3n, a quien le propuso la instalaci\u00f3n de una mesa interinstitucional, de modo a que se puedan analizar y dar respuestas a cuestiones importantes como los problemas de seguridad y las persecuciones a la ciudadan\u00eda en el tr\u00e1nsito rutero, entre otros. Adelant\u00f3 que agendaron una pr\u00f3xima reuni\u00f3n con el fiscal con el fiscal adjunto de Ciudad del Este, Jorge Sosa Garc\u00eda, con el prop\u00f3sito de bajar la l\u00ednea de trabajo con el objetivo de responder a las necesidades de la poblaci\u00f3n, dijo Torres.<\/p>\n","protected":false},"excerpt":{"rendered":"<p>C\u00e9sar Orlando \u201cLandy\u201d Torres Arguello, gobernador electo y proclamado del Alto Paran\u00e1, ratific\u00f3 el \u00faltimo&#8230;<\/p>\n","protected":false},"author":3,"featured_media":11107,"comment_status":"closed","ping_status":"closed","sticky":false,"template":"","format":"standard","meta":{"footnotes":""},"categories":[48,2,6,11],"tags":[],"class_list":["post-11104","post","type-post","status-publish","format-standard","has-post-thumbnail","hentry","category-alto-parana","category-destacadas","category-noticias","category-politica"],"featured_image_urls":{"full":["https:\/\/radioparquecde.com\/wp-content\/uploads\/2023\/06\/353464706_793575135465478_2468119699827322730_n-1.jpg",1500,1000,false],"thumbnail":["https:\/\/radioparquecde.com\/wp-content\/uploads\/2023\/06\/353464706_793575135465478_2468119699827322730_n-1-150x150.jpg",150,150,true],"medium":["https:\/\/radioparquecde.com\/wp-content\/uploads\/2023\/06\/353464706_793575135465478_2468119699827322730_n-1-300x200.jpg",300,200,true],"medium_large":["https:\/\/radioparquecde.com\/wp-content\/uploads\/2023\/06\/353464706_793575135465478_2468119699827322730_n-1-768x512.jpg",640,427,true],"large":["https:\/\/radioparquecde.com\/wp-content\/uploads\/2023\/06\/353464706_793575135465478_2468119699827322730_n-1-1024x683.jpg",640,427,true],"1536x1536":["https:\/\/radioparquecde.com\/wp-content\/uploads\/2023\/06\/353464706_793575135465478_2468119699827322730_n-1.jpg",1500,1000,false],"2048x2048":["https:\/\/radioparquecde.com\/wp-content\/uploads\/2023\/06\/353464706_793575135465478_2468119699827322730_n-1.jpg",1500,1000,false],"newsphere-slider-full":["https:\/\/radioparquecde.com\/wp-content\/uploads\/2023\/06\/353464706_793575135465478_2468119699827322730_n-1-1280x720.jpg",1280,720,true],"newsphere-featured":["https:\/\/radioparquecde.com\/wp-content\/uploads\/2023\/06\/353464706_793575135465478_2468119699827322730_n-1-1024x683.jpg",1024,683,true],"newsphere-medium":["https:\/\/radioparquecde.com\/wp-content\/uploads\/2023\/06\/353464706_793575135465478_2468119699827322730_n-1-720x380.jpg",720,380,true]},"author_info":{"display_name":"Editor","author_link":"https:\/\/radioparquecde.com\/index.php\/author\/editor\/"},"category_info":"<a href=\"https:\/\/radioparquecde.com\/index.php\/category\/alto-parana\/\" rel=\"category tag\">ALTO PARAN\u00c1<\/a> <a href=\"https:\/\/radioparquecde.com\/index.php\/category\/noticias\/destacadas\/\" rel=\"category tag\">Destacadas<\/a> <a href=\"https:\/\/radioparquecde.com\/index.php\/category\/noticias\/\" rel=\"category tag\">Noticias<\/a> <a href=\"https:\/\/radioparquecde.com\/index.php\/category\/noticias\/politica\/\" rel=\"category tag\">Pol\u00edtica<\/a>","tag_info":"Pol\u00edtica","comment_count":"0","_links":{"self":[{"href":"https:\/\/radioparquecde.com\/index.php\/wp-json\/wp\/v2\/posts\/11104","targetHints":{"allow":["GET"]}}],"collection":[{"href":"https:\/\/radioparquecde.com\/index.php\/wp-json\/wp\/v2\/posts"}],"about":[{"href":"https:\/\/radioparquecde.com\/index.php\/wp-json\/wp\/v2\/types\/post"}],"author":[{"embeddable":true,"href":"https:\/\/radioparquecde.com\/index.php\/wp-json\/wp\/v2\/users\/3"}],"replies":[{"embeddable":true,"href":"https:\/\/radioparquecde.com\/index.php\/wp-json\/wp\/v2\/comments?post=11104"}],"version-history":[{"count":1,"href":"https:\/\/radioparquecde.com\/index.php\/wp-json\/wp\/v2\/posts\/11104\/revisions"}],"predecessor-version":[{"id":11108,"href":"https:\/\/radioparquecde.com\/index.php\/wp-json\/wp\/v2\/posts\/11104\/revisions\/11108"}],"wp:featuredmedia":[{"embeddable":true,"href":"https:\/\/radioparquecde.com\/index.php\/wp-json\/wp\/v2\/media\/11107"}],"wp:attachment":[{"href":"https:\/\/radioparquecde.com\/index.php\/wp-json\/wp\/v2\/media?parent=11104"}],"wp:term":[{"taxonomy":"category","embeddable":true,"href":"https:\/\/radioparquecde.com\/index.php\/wp-json\/wp\/v2\/categories?post=11104"},{"taxonomy":"post_tag","embeddable":true,"href":"https:\/\/radioparquecde.com\/index.php\/wp-json\/wp\/v2\/tags?post=11104"}],"curies":[{"name":"wp","href":"https:\/\/api.w.org\/{rel}","templated":true}]}}