{"id":11129,"date":"2023-06-12T09:12:50","date_gmt":"2023-06-12T13:12:50","guid":{"rendered":"https:\/\/radioparquecde.com\/?p=11129"},"modified":"2023-06-12T09:12:51","modified_gmt":"2023-06-12T13:12:51","slug":"destacable-lucidez-de-un-veterano-de-la-guerra-del-chaco","status":"publish","type":"post","link":"https:\/\/radioparquecde.com\/index.php\/2023\/06\/12\/destacable-lucidez-de-un-veterano-de-la-guerra-del-chaco\/","title":{"rendered":"Destacable lucidez de un veterano de la guerra del Chaco"},"content":{"rendered":"\n<p>El \u00faltimo veterano de la guerra del Chaco que vive en Alto Paran\u00e1 tiene 106 a\u00f1os y goza de una incre\u00edble<br>lucidez. Se trata de Juan Bautista Cantero Silva, quien reside en el distrito de Itakyry.<\/p>\n\n\n\n<p>Juan Bautista Cantero a\u00fan conserva el uniforme verde oliva y su notificaci\u00f3n de baja<br>militar, que dan cuenta de sus a\u00f1os como combatiente en la guerra del chaco.<\/p>\n\n\n\n<p>Adem\u00e1s de estos elementos, su memoria es un testimonio vivo de aquellos tiempos.<br>El veterano puede pasar horas contando detalles de su experiencia durante los meses que<br>pas\u00f3 en la guerra, manteniendo una conversaci\u00f3n coherente y afable. En cada ocasi\u00f3n<br>especial a\u00fan viste su uniforme oliva.<\/p>\n\n\n\n<figure class=\"wp-block-image size-full\"><img loading=\"lazy\" decoding=\"async\" width=\"489\" height=\"580\" src=\"https:\/\/radioparquecde.com\/wp-content\/uploads\/2023\/06\/capture-20230612-091145.png\" alt=\"\" class=\"wp-image-11131\" srcset=\"https:\/\/radioparquecde.com\/wp-content\/uploads\/2023\/06\/capture-20230612-091145.png 489w, https:\/\/radioparquecde.com\/wp-content\/uploads\/2023\/06\/capture-20230612-091145-253x300.png 253w\" sizes=\"auto, (max-width: 489px) 100vw, 489px\" \/><\/figure>\n\n\n\n<p>Dos momentos quedaron marcados en la vida de Cantero: el d\u00eda en que decidi\u00f3 ir a la<br>guerra y el aviso del fin de la contienda.<br>Cantero fue a la guerra siendo adolescente. Pese a que tuvo la opci\u00f3n de negarse, se<br>ofreci\u00f3 para defender a su pa\u00eds. Le toc\u00f3 pelear en la etapa final de la contienda.<\/p>\n\n\n\n<p>\u201cMe fui cuando ten\u00eda 15 a\u00f1os, cuando estaba por terminar la guerra. Mi hermano se fue a<br>los ocho meses de haber iniciado la contienda y volvi\u00f3 herido. Cuando mam\u00e1 vio a la<br>comitiva que hac\u00eda reclutamiento, ya se ech\u00f3 a llorar. Conseguimos probar que era menor<br>de edad, pero yo me ofrec\u00ed. Quer\u00eda saber qu\u00e9 era la guerra, fui a pelear\u201d, relat\u00f3.<\/p>\n\n\n\n<p>Los momentos m\u00e1s duros que vivi\u00f3 fueron relacionados a la falta de agua. Sin embargo,<br>su grupo se encontr\u00f3 con una aguada que les dio nueva vida.<br>Otro momento que recuerda con emoci\u00f3n es el fin de la contienda. Relat\u00f3 que una<br>medianoche escucharon una balacera que parec\u00eda interminable y pensaron que otro<br>campamento hab\u00eda sido atacado por el enemigo. Sin embargo, poco despu\u00e9s les lleg\u00f3 la<br>noticia de que se hab\u00eda firmado el tratado de paz.<\/p>\n\n\n\n<p>Esa misma madrugada, fueron conducidos a la l\u00ednea de combate y en medio de llantos de<br>alegr\u00eda fueron recibidos con abrazos por parte de los soldados bolivianos. Ese momento<br>fue aprovechado para realizar un intercambio de trofeos, consistente en cambiar algunas<br>pertenencias como carama\u00f1olas, banderas, armas y otros objetos.<br>Tres a\u00f1os despu\u00e9s de regresar de la guerra, Cantero se cas\u00f3, tuvo 11 hijos y actualmente<br>tiene decenas de nietos. Reside en el distrito de Itakyry, en Alto Paran\u00e1.<\/p>\n\n\n\n<p><\/p>\n\n\n\n<p>Fuente: ABC<\/p>\n","protected":false},"excerpt":{"rendered":"<p>El \u00faltimo veterano de la guerra del Chaco que vive en Alto Paran\u00e1 tiene 106&#8230;<\/p>\n","protected":false},"author":3,"featured_media":11132,"comment_status":"closed","ping_status":"closed","sticky":false,"template":"","format":"standard","meta":{"footnotes":""},"categories":[48,2,6],"tags":[],"class_list":["post-11129","post","type-post","status-publish","format-standard","has-post-thumbnail","hentry","category-alto-parana","category-destacadas","category-noticias"],"featured_image_urls":{"full":["https:\/\/radioparquecde.com\/wp-content\/uploads\/2023\/06\/capture-20230612-091145-1.png",489,580,false],"thumbnail":["https:\/\/radioparquecde.com\/wp-content\/uploads\/2023\/06\/capture-20230612-091145-1-150x150.png",150,150,true],"medium":["https:\/\/radioparquecde.com\/wp-content\/uploads\/2023\/06\/capture-20230612-091145-1-253x300.png",253,300,true],"medium_large":["https:\/\/radioparquecde.com\/wp-content\/uploads\/2023\/06\/capture-20230612-091145-1.png",489,580,false],"large":["https:\/\/radioparquecde.com\/wp-content\/uploads\/2023\/06\/capture-20230612-091145-1.png",489,580,false],"1536x1536":["https:\/\/radioparquecde.com\/wp-content\/uploads\/2023\/06\/capture-20230612-091145-1.png",489,580,false],"2048x2048":["https:\/\/radioparquecde.com\/wp-content\/uploads\/2023\/06\/capture-20230612-091145-1.png",489,580,false],"newsphere-slider-full":["https:\/\/radioparquecde.com\/wp-content\/uploads\/2023\/06\/capture-20230612-091145-1.png",489,580,false],"newsphere-featured":["https:\/\/radioparquecde.com\/wp-content\/uploads\/2023\/06\/capture-20230612-091145-1.png",489,580,false],"newsphere-medium":["https:\/\/radioparquecde.com\/wp-content\/uploads\/2023\/06\/capture-20230612-091145-1-489x380.png",489,380,true]},"author_info":{"display_name":"Editor","author_link":"https:\/\/radioparquecde.com\/index.php\/author\/editor\/"},"category_info":"<a href=\"https:\/\/radioparquecde.com\/index.php\/category\/alto-parana\/\" rel=\"category tag\">ALTO PARAN\u00c1<\/a> <a href=\"https:\/\/radioparquecde.com\/index.php\/category\/noticias\/destacadas\/\" rel=\"category tag\">Destacadas<\/a> <a href=\"https:\/\/radioparquecde.com\/index.php\/category\/noticias\/\" rel=\"category tag\">Noticias<\/a>","tag_info":"Noticias","comment_count":"0","_links":{"self":[{"href":"https:\/\/radioparquecde.com\/index.php\/wp-json\/wp\/v2\/posts\/11129","targetHints":{"allow":["GET"]}}],"collection":[{"href":"https:\/\/radioparquecde.com\/index.php\/wp-json\/wp\/v2\/posts"}],"about":[{"href":"https:\/\/radioparquecde.com\/index.php\/wp-json\/wp\/v2\/types\/post"}],"author":[{"embeddable":true,"href":"https:\/\/radioparquecde.com\/index.php\/wp-json\/wp\/v2\/users\/3"}],"replies":[{"embeddable":true,"href":"https:\/\/radioparquecde.com\/index.php\/wp-json\/wp\/v2\/comments?post=11129"}],"version-history":[{"count":1,"href":"https:\/\/radioparquecde.com\/index.php\/wp-json\/wp\/v2\/posts\/11129\/revisions"}],"predecessor-version":[{"id":11133,"href":"https:\/\/radioparquecde.com\/index.php\/wp-json\/wp\/v2\/posts\/11129\/revisions\/11133"}],"wp:featuredmedia":[{"embeddable":true,"href":"https:\/\/radioparquecde.com\/index.php\/wp-json\/wp\/v2\/media\/11132"}],"wp:attachment":[{"href":"https:\/\/radioparquecde.com\/index.php\/wp-json\/wp\/v2\/media?parent=11129"}],"wp:term":[{"taxonomy":"category","embeddable":true,"href":"https:\/\/radioparquecde.com\/index.php\/wp-json\/wp\/v2\/categories?post=11129"},{"taxonomy":"post_tag","embeddable":true,"href":"https:\/\/radioparquecde.com\/index.php\/wp-json\/wp\/v2\/tags?post=11129"}],"curies":[{"name":"wp","href":"https:\/\/api.w.org\/{rel}","templated":true}]}}