{"id":11148,"date":"2023-06-12T14:31:03","date_gmt":"2023-06-12T18:31:03","guid":{"rendered":"https:\/\/radioparquecde.com\/?p=11148"},"modified":"2023-06-12T14:31:04","modified_gmt":"2023-06-12T18:31:04","slug":"imputan-a-6-supuestos-miembros-de-una-banda-involucrada-en-robo-de-cajero-automatico","status":"publish","type":"post","link":"https:\/\/radioparquecde.com\/index.php\/2023\/06\/12\/imputan-a-6-supuestos-miembros-de-una-banda-involucrada-en-robo-de-cajero-automatico\/","title":{"rendered":"Imputan a 6 supuestos miembros de una banda involucrada en robo de cajero autom\u00e1tico"},"content":{"rendered":"\n<p>El agente fiscal Osvaldo Zaracho imput\u00f3 a seis supuestos miembros de una banda criminal que habr\u00eda perpetrado un millonario robo al arrancar un cajero autom\u00e1tico ubicado en el Club Social del \u00c1rea 1 de Ciudad del Este, tras reducir a los guardias de seguridad. El proceso penal es por los supuestos hechos punibles de robo agravado, reducci\u00f3n, asociaci\u00f3n criminal y violaci\u00f3n ley de armas.<\/p>\n\n\n\n<p>Los <a><\/a>imputados son Edgar Ortiz Gonz\u00e1lez (32), alias \u201cGarr\u00f3n\u201d, quien ser\u00eda el cabecilla de la organizaci\u00f3n delictiva; Aureliano Gonz\u00e1lez \u00c1lvarez (37), Andr\u00e9s \u00d3scar Ben\u00edtez Reyes (45), Hugo Javier Cabrera Mart\u00ednez (33), Brian Eladio Rojas Portillo (22) y Silvio Francisco Vel\u00e1zquez Ortiz (30). Los tres primeros fueron detenidos durante un allanamiento realizado el viernes y los dem\u00e1s se encuentran pr\u00f3fugos con pedido de rebeld\u00eda.<\/p>\n\n\n\n<p>Seg\u00fan los primeros indicios de la investigaci\u00f3n, todos los imputados -de manera conjunta y fuertemente armados- habr\u00edan perpetrado el atraco armado, en la madrugada del 10 de mayo de 2023. En la ocasi\u00f3n, llegaron hasta el lugar de los hechos en un veh\u00edculo Hyundai Santa Fe plateado, se hicieron pasar por agentes policiales en persecuci\u00f3n de un sujeto que presuntamente ingres\u00f3 en el predio del club.<\/p>\n\n\n\n<p>Seguidamente, los criminales demostraron sus verdaderas intenciones, ena\u00f1onaron y redujeron a los guardias y despu\u00e9s utilizaron el rodado para arrancar el cajero autom\u00e1tico perteneciente al Banco Sudameris, el cual conten\u00eda la suma de 304.650.000 de guaran\u00edes y 960 d\u00f3lares americanos. Tras perpetrar el robo, los delincuentes escaparon r\u00e1pidamente en tres veh\u00edculos, el Hyundai Santa Fe utilizado en el asalto y dos Toyota Allion, uno de color blanco y otro de color perla, que sirvieron de escoltas.<\/p>\n\n\n\n<p>En el marco de la investigaci\u00f3n, una comitiva fiscal-policial-judicial allan\u00f3 una vivienda ubicada en el kil\u00f3metro 5 Acaray, asentamiento 6 de Enero, de Ciudad del Este, y detuvo a tres de los sospechosos. El procedimiento estuvo encabezado por el fiscal Osvaldo Zaracho y la juez de atenci\u00f3n permanente Cinthia Garcete.<\/p>\n\n\n\n<figure class=\"wp-block-image size-large\"><img loading=\"lazy\" decoding=\"async\" width=\"1024\" height=\"576\" src=\"https:\/\/radioparquecde.com\/wp-content\/uploads\/2023\/06\/353414460_730352139093562_3330248645348665260_n-1024x576.jpg\" alt=\"\" class=\"wp-image-11150\" srcset=\"https:\/\/radioparquecde.com\/wp-content\/uploads\/2023\/06\/353414460_730352139093562_3330248645348665260_n-1024x576.jpg 1024w, https:\/\/radioparquecde.com\/wp-content\/uploads\/2023\/06\/353414460_730352139093562_3330248645348665260_n-300x169.jpg 300w, https:\/\/radioparquecde.com\/wp-content\/uploads\/2023\/06\/353414460_730352139093562_3330248645348665260_n-768x432.jpg 768w, https:\/\/radioparquecde.com\/wp-content\/uploads\/2023\/06\/353414460_730352139093562_3330248645348665260_n.jpg 1280w\" sizes=\"auto, (max-width: 1024px) 100vw, 1024px\" \/><\/figure>\n\n\n\n<p>En el sitio fueron privados de libertad Ortiz Gonz\u00e1lez, Aureliano Gonz\u00e1lez y Ben\u00edtez Reyes. Durante el operativo, tambi\u00e9n se logr\u00f3 incautar varios veh\u00edculos, incluyendo un Kia Sportage, de color blanco, reportado como robado, y una serie de evidencias relacionadas al asalto.<\/p>\n\n\n\n<p>Entre los elementos confiscados se encuentran tres chalecos t\u00e1cticos, un guante t\u00e1ctico, latas de clavos miguelito, un inhibidor de se\u00f1al, una radio Motorola, 33 proyectiles calibre 9mm, ocho proyectiles calibre 38mm, 30 proyectiles calibre 22mm, tres proyectiles calibre 12mm, un cargador para pistola, tel\u00e9fonos celulares y una Tablet. Tambi\u00e9n se requis\u00f3 una chapa de veh\u00edculo, N\u00b0 WVF-116, de la Rep\u00fablica Argentina, entre otras evidencias.<\/p>\n\n\n\n<p>Tras recopilar diferentes pruebas y escuchar testimonios, el fiscal Osvaldo Zaracho formul\u00f3 la imputaci\u00f3n de todos los presuntos involucrados en el asalto. En cuanto a los detenidos, pidi\u00f3 la prisi\u00f3n de los tres. Mientras, requiri\u00f3 la rebeld\u00eda de los que permanecen pr\u00f3fugos.<\/p>\n","protected":false},"excerpt":{"rendered":"<p>El agente fiscal Osvaldo Zaracho imput\u00f3 a seis supuestos miembros de una banda criminal que&#8230;<\/p>\n","protected":false},"author":3,"featured_media":11151,"comment_status":"closed","ping_status":"closed","sticky":false,"template":"","format":"standard","meta":{"footnotes":""},"categories":[48,6,8],"tags":[],"class_list":["post-11148","post","type-post","status-publish","format-standard","has-post-thumbnail","hentry","category-alto-parana","category-noticias","category-policiales"],"featured_image_urls":{"full":["https:\/\/radioparquecde.com\/wp-content\/uploads\/2023\/06\/353414460_730352139093562_3330248645348665260_n-1.jpg",1280,720,false],"thumbnail":["https:\/\/radioparquecde.com\/wp-content\/uploads\/2023\/06\/353414460_730352139093562_3330248645348665260_n-1-150x150.jpg",150,150,true],"medium":["https:\/\/radioparquecde.com\/wp-content\/uploads\/2023\/06\/353414460_730352139093562_3330248645348665260_n-1-300x169.jpg",300,169,true],"medium_large":["https:\/\/radioparquecde.com\/wp-content\/uploads\/2023\/06\/353414460_730352139093562_3330248645348665260_n-1-768x432.jpg",640,360,true],"large":["https:\/\/radioparquecde.com\/wp-content\/uploads\/2023\/06\/353414460_730352139093562_3330248645348665260_n-1-1024x576.jpg",640,360,true],"1536x1536":["https:\/\/radioparquecde.com\/wp-content\/uploads\/2023\/06\/353414460_730352139093562_3330248645348665260_n-1.jpg",1280,720,false],"2048x2048":["https:\/\/radioparquecde.com\/wp-content\/uploads\/2023\/06\/353414460_730352139093562_3330248645348665260_n-1.jpg",1280,720,false],"newsphere-slider-full":["https:\/\/radioparquecde.com\/wp-content\/uploads\/2023\/06\/353414460_730352139093562_3330248645348665260_n-1.jpg",1280,720,false],"newsphere-featured":["https:\/\/radioparquecde.com\/wp-content\/uploads\/2023\/06\/353414460_730352139093562_3330248645348665260_n-1-1024x576.jpg",1024,576,true],"newsphere-medium":["https:\/\/radioparquecde.com\/wp-content\/uploads\/2023\/06\/353414460_730352139093562_3330248645348665260_n-1-720x380.jpg",720,380,true]},"author_info":{"display_name":"Editor","author_link":"https:\/\/radioparquecde.com\/index.php\/author\/editor\/"},"category_info":"<a href=\"https:\/\/radioparquecde.com\/index.php\/category\/alto-parana\/\" rel=\"category tag\">ALTO PARAN\u00c1<\/a> <a href=\"https:\/\/radioparquecde.com\/index.php\/category\/noticias\/\" rel=\"category tag\">Noticias<\/a> <a href=\"https:\/\/radioparquecde.com\/index.php\/category\/noticias\/policiales\/\" rel=\"category tag\">Policiales<\/a>","tag_info":"Policiales","comment_count":"0","_links":{"self":[{"href":"https:\/\/radioparquecde.com\/index.php\/wp-json\/wp\/v2\/posts\/11148","targetHints":{"allow":["GET"]}}],"collection":[{"href":"https:\/\/radioparquecde.com\/index.php\/wp-json\/wp\/v2\/posts"}],"about":[{"href":"https:\/\/radioparquecde.com\/index.php\/wp-json\/wp\/v2\/types\/post"}],"author":[{"embeddable":true,"href":"https:\/\/radioparquecde.com\/index.php\/wp-json\/wp\/v2\/users\/3"}],"replies":[{"embeddable":true,"href":"https:\/\/radioparquecde.com\/index.php\/wp-json\/wp\/v2\/comments?post=11148"}],"version-history":[{"count":1,"href":"https:\/\/radioparquecde.com\/index.php\/wp-json\/wp\/v2\/posts\/11148\/revisions"}],"predecessor-version":[{"id":11152,"href":"https:\/\/radioparquecde.com\/index.php\/wp-json\/wp\/v2\/posts\/11148\/revisions\/11152"}],"wp:featuredmedia":[{"embeddable":true,"href":"https:\/\/radioparquecde.com\/index.php\/wp-json\/wp\/v2\/media\/11151"}],"wp:attachment":[{"href":"https:\/\/radioparquecde.com\/index.php\/wp-json\/wp\/v2\/media?parent=11148"}],"wp:term":[{"taxonomy":"category","embeddable":true,"href":"https:\/\/radioparquecde.com\/index.php\/wp-json\/wp\/v2\/categories?post=11148"},{"taxonomy":"post_tag","embeddable":true,"href":"https:\/\/radioparquecde.com\/index.php\/wp-json\/wp\/v2\/tags?post=11148"}],"curies":[{"name":"wp","href":"https:\/\/api.w.org\/{rel}","templated":true}]}}