{"id":11153,"date":"2023-06-12T15:20:51","date_gmt":"2023-06-12T19:20:51","guid":{"rendered":"https:\/\/radioparquecde.com\/?p=11153"},"modified":"2023-06-12T15:20:52","modified_gmt":"2023-06-12T19:20:52","slug":"paz-del-chaco-mario-abdo-encabeza-acto-en-boqueron","status":"publish","type":"post","link":"https:\/\/radioparquecde.com\/index.php\/2023\/06\/12\/paz-del-chaco-mario-abdo-encabeza-acto-en-boqueron\/","title":{"rendered":"\u00abPaz del Chaco\u00bb Mario Abdo encabeza acto en Boquer\u00f3n"},"content":{"rendered":"\n<p>El presidente de la Rep\u00fablica, Mario Abdo Ben\u00edtez, encabez\u00f3 el acto de conmemoraci\u00f3n por los 88 a\u00f1os de la firma del protocolo de la \u00abPaz del Chaco\u00bb, que se celebr\u00f3 en Mariscal Estigarribia, departamento de Boquer\u00f3n.<\/p>\n\n\n\n<p>El acto principal consisti\u00f3 en una ofrenda de la corona de laureles en homenaje a los ca\u00eddos durante la guerra peleada por Paraguay y Bolivia en la regi\u00f3n chaque\u00f1a.<\/p>\n\n\n\n<figure class=\"wp-block-image size-full\"><img loading=\"lazy\" decoding=\"async\" width=\"1024\" height=\"682\" src=\"https:\/\/radioparquecde.com\/wp-content\/uploads\/2023\/06\/346886507_849915276491597_6983077639195623608_n.jpg\" alt=\"\" class=\"wp-image-11155\" srcset=\"https:\/\/radioparquecde.com\/wp-content\/uploads\/2023\/06\/346886507_849915276491597_6983077639195623608_n.jpg 1024w, https:\/\/radioparquecde.com\/wp-content\/uploads\/2023\/06\/346886507_849915276491597_6983077639195623608_n-300x200.jpg 300w, https:\/\/radioparquecde.com\/wp-content\/uploads\/2023\/06\/346886507_849915276491597_6983077639195623608_n-768x512.jpg 768w\" sizes=\"auto, (max-width: 1024px) 100vw, 1024px\" \/><\/figure>\n\n\n\n<p>El mandatario estuvo acompa\u00f1ado de la primera dama, Silvana Abdo, ministros del Poder Ejecutivo, autoridades electas y de otros poderes del Estado, y oficiales de las Fuerzas Armadas.<\/p>\n\n\n\n<p>El comandante del III Cuerpo de Ej\u00e9rcito, Melanio Serv\u00edn, en representaci\u00f3n de las FF.AA, dio un repaso a los principales hechos previos al conflicto b\u00e9lico que se desarroll\u00f3 entre 1932 y 1935.<\/p>\n\n\n\n<p>El acto culmin\u00f3 con la interpretaci\u00f3n de dos canciones de Emiliano R. Fern\u00e1ndez, quien compuso numerosas de sus canciones y escritos durante su tiempo como soldado en esta contienda. La banda militar del III Cuerpo de Ej\u00e9rcito interpret\u00f3 \u00abFort\u00edn Toledo\u00bb y \u00abChe la Reina\u00bb. IP<\/p>\n\n\n\n<figure class=\"wp-block-image size-large\"><img loading=\"lazy\" decoding=\"async\" width=\"1024\" height=\"682\" src=\"https:\/\/radioparquecde.com\/wp-content\/uploads\/2023\/06\/347647249_849915223158269_700762009360178196_n-1024x682.jpg\" alt=\"\" class=\"wp-image-11156\" srcset=\"https:\/\/radioparquecde.com\/wp-content\/uploads\/2023\/06\/347647249_849915223158269_700762009360178196_n-1024x682.jpg 1024w, https:\/\/radioparquecde.com\/wp-content\/uploads\/2023\/06\/347647249_849915223158269_700762009360178196_n-300x200.jpg 300w, https:\/\/radioparquecde.com\/wp-content\/uploads\/2023\/06\/347647249_849915223158269_700762009360178196_n-768x512.jpg 768w, https:\/\/radioparquecde.com\/wp-content\/uploads\/2023\/06\/347647249_849915223158269_700762009360178196_n.jpg 1280w\" sizes=\"auto, (max-width: 1024px) 100vw, 1024px\" \/><\/figure>\n","protected":false},"excerpt":{"rendered":"<p>El presidente de la Rep\u00fablica, Mario Abdo Ben\u00edtez, encabez\u00f3 el acto de conmemoraci\u00f3n por los&#8230;<\/p>\n","protected":false},"author":3,"featured_media":11157,"comment_status":"closed","ping_status":"closed","sticky":false,"template":"","format":"standard","meta":{"footnotes":""},"categories":[2,6],"tags":[],"class_list":["post-11153","post","type-post","status-publish","format-standard","has-post-thumbnail","hentry","category-destacadas","category-noticias"],"featured_image_urls":{"full":["https:\/\/radioparquecde.com\/wp-content\/uploads\/2023\/06\/347647249_849915223158269_700762009360178196_n-1.jpg",1280,853,false],"thumbnail":["https:\/\/radioparquecde.com\/wp-content\/uploads\/2023\/06\/347647249_849915223158269_700762009360178196_n-1-150x150.jpg",150,150,true],"medium":["https:\/\/radioparquecde.com\/wp-content\/uploads\/2023\/06\/347647249_849915223158269_700762009360178196_n-1-300x200.jpg",300,200,true],"medium_large":["https:\/\/radioparquecde.com\/wp-content\/uploads\/2023\/06\/347647249_849915223158269_700762009360178196_n-1-768x512.jpg",640,427,true],"large":["https:\/\/radioparquecde.com\/wp-content\/uploads\/2023\/06\/347647249_849915223158269_700762009360178196_n-1-1024x682.jpg",640,426,true],"1536x1536":["https:\/\/radioparquecde.com\/wp-content\/uploads\/2023\/06\/347647249_849915223158269_700762009360178196_n-1.jpg",1280,853,false],"2048x2048":["https:\/\/radioparquecde.com\/wp-content\/uploads\/2023\/06\/347647249_849915223158269_700762009360178196_n-1.jpg",1280,853,false],"newsphere-slider-full":["https:\/\/radioparquecde.com\/wp-content\/uploads\/2023\/06\/347647249_849915223158269_700762009360178196_n-1-1280x720.jpg",1280,720,true],"newsphere-featured":["https:\/\/radioparquecde.com\/wp-content\/uploads\/2023\/06\/347647249_849915223158269_700762009360178196_n-1-1024x682.jpg",1024,682,true],"newsphere-medium":["https:\/\/radioparquecde.com\/wp-content\/uploads\/2023\/06\/347647249_849915223158269_700762009360178196_n-1-720x380.jpg",720,380,true]},"author_info":{"display_name":"Editor","author_link":"https:\/\/radioparquecde.com\/index.php\/author\/editor\/"},"category_info":"<a href=\"https:\/\/radioparquecde.com\/index.php\/category\/noticias\/destacadas\/\" rel=\"category tag\">Destacadas<\/a> <a href=\"https:\/\/radioparquecde.com\/index.php\/category\/noticias\/\" rel=\"category tag\">Noticias<\/a>","tag_info":"Noticias","comment_count":"0","_links":{"self":[{"href":"https:\/\/radioparquecde.com\/index.php\/wp-json\/wp\/v2\/posts\/11153","targetHints":{"allow":["GET"]}}],"collection":[{"href":"https:\/\/radioparquecde.com\/index.php\/wp-json\/wp\/v2\/posts"}],"about":[{"href":"https:\/\/radioparquecde.com\/index.php\/wp-json\/wp\/v2\/types\/post"}],"author":[{"embeddable":true,"href":"https:\/\/radioparquecde.com\/index.php\/wp-json\/wp\/v2\/users\/3"}],"replies":[{"embeddable":true,"href":"https:\/\/radioparquecde.com\/index.php\/wp-json\/wp\/v2\/comments?post=11153"}],"version-history":[{"count":1,"href":"https:\/\/radioparquecde.com\/index.php\/wp-json\/wp\/v2\/posts\/11153\/revisions"}],"predecessor-version":[{"id":11158,"href":"https:\/\/radioparquecde.com\/index.php\/wp-json\/wp\/v2\/posts\/11153\/revisions\/11158"}],"wp:featuredmedia":[{"embeddable":true,"href":"https:\/\/radioparquecde.com\/index.php\/wp-json\/wp\/v2\/media\/11157"}],"wp:attachment":[{"href":"https:\/\/radioparquecde.com\/index.php\/wp-json\/wp\/v2\/media?parent=11153"}],"wp:term":[{"taxonomy":"category","embeddable":true,"href":"https:\/\/radioparquecde.com\/index.php\/wp-json\/wp\/v2\/categories?post=11153"},{"taxonomy":"post_tag","embeddable":true,"href":"https:\/\/radioparquecde.com\/index.php\/wp-json\/wp\/v2\/tags?post=11153"}],"curies":[{"name":"wp","href":"https:\/\/api.w.org\/{rel}","templated":true}]}}