{"id":11164,"date":"2023-06-12T15:33:48","date_gmt":"2023-06-12T19:33:48","guid":{"rendered":"https:\/\/radioparquecde.com\/?p=11164"},"modified":"2023-06-12T15:33:49","modified_gmt":"2023-06-12T19:33:49","slug":"apresaron-a-hermanos-borrachos-por-agredir-a-su-madre-y-a-otros-familiares","status":"publish","type":"post","link":"https:\/\/radioparquecde.com\/index.php\/2023\/06\/12\/apresaron-a-hermanos-borrachos-por-agredir-a-su-madre-y-a-otros-familiares\/","title":{"rendered":"Apresaron a hermanos borrachos por agredir a su madre y a otros familiares"},"content":{"rendered":"\n<p>CDE. Los hermanos Julio Dionicio Caba\u00f1as Mallorqu\u00edn (30) y Eugenio Caba\u00f1as Mallorqu\u00edn (37) fueron presos el domingo a la noche luego de protagonizar un hecho de violencia familiar. Ocurri\u00f3 en la fracci\u00f3n \u00d1u Por\u00e3 del Km 10 Acaray.<\/p>\n\n\n\n<p>Los hermanos estaban alcoholizados cuando agredieron f\u00edsicamente a su madre Mar\u00eda Mallorqu\u00edn de Caba\u00f1as (66) y a dos menores de 17 y 15 a\u00f1os que tambi\u00e9n son parte de la <a><\/a>familia. Las v\u00edctimas tuvieron que pedir socorro a los gritos.<\/p>\n\n\n\n<figure class=\"wp-block-image size-full\"><img loading=\"lazy\" decoding=\"async\" width=\"526\" height=\"701\" src=\"https:\/\/radioparquecde.com\/wp-content\/uploads\/2023\/06\/351147019_996829368306542_2420718802025756258_n.jpg\" alt=\"\" class=\"wp-image-11166\" srcset=\"https:\/\/radioparquecde.com\/wp-content\/uploads\/2023\/06\/351147019_996829368306542_2420718802025756258_n.jpg 526w, https:\/\/radioparquecde.com\/wp-content\/uploads\/2023\/06\/351147019_996829368306542_2420718802025756258_n-225x300.jpg 225w\" sizes=\"auto, (max-width: 526px) 100vw, 526px\" \/><\/figure>\n\n\n\n<p>Con la llegada los polic\u00edas los hermanos se resistieron y entraron a la casa para esconderse, pero con autorizaci\u00f3n de su madre los uniformados ingresaron y los apresaron. Las v\u00edctimas agregaron que no era la primera vez que Julio y Eugenio actuaban con violencia.<\/p>\n","protected":false},"excerpt":{"rendered":"<p>CDE. Los hermanos Julio Dionicio Caba\u00f1as Mallorqu\u00edn (30) y Eugenio Caba\u00f1as Mallorqu\u00edn (37) fueron presos&#8230;<\/p>\n","protected":false},"author":3,"featured_media":11167,"comment_status":"closed","ping_status":"closed","sticky":false,"template":"","format":"standard","meta":{"footnotes":""},"categories":[48,2,6,47],"tags":[],"class_list":["post-11164","post","type-post","status-publish","format-standard","has-post-thumbnail","hentry","category-alto-parana","category-destacadas","category-noticias","category-sucesos"],"featured_image_urls":{"full":["https:\/\/radioparquecde.com\/wp-content\/uploads\/2023\/06\/351147019_996829368306542_2420718802025756258_n-1.jpg",526,701,false],"thumbnail":["https:\/\/radioparquecde.com\/wp-content\/uploads\/2023\/06\/351147019_996829368306542_2420718802025756258_n-1-150x150.jpg",150,150,true],"medium":["https:\/\/radioparquecde.com\/wp-content\/uploads\/2023\/06\/351147019_996829368306542_2420718802025756258_n-1-225x300.jpg",225,300,true],"medium_large":["https:\/\/radioparquecde.com\/wp-content\/uploads\/2023\/06\/351147019_996829368306542_2420718802025756258_n-1.jpg",526,701,false],"large":["https:\/\/radioparquecde.com\/wp-content\/uploads\/2023\/06\/351147019_996829368306542_2420718802025756258_n-1.jpg",526,701,false],"1536x1536":["https:\/\/radioparquecde.com\/wp-content\/uploads\/2023\/06\/351147019_996829368306542_2420718802025756258_n-1.jpg",526,701,false],"2048x2048":["https:\/\/radioparquecde.com\/wp-content\/uploads\/2023\/06\/351147019_996829368306542_2420718802025756258_n-1.jpg",526,701,false],"newsphere-slider-full":["https:\/\/radioparquecde.com\/wp-content\/uploads\/2023\/06\/351147019_996829368306542_2420718802025756258_n-1.jpg",526,701,false],"newsphere-featured":["https:\/\/radioparquecde.com\/wp-content\/uploads\/2023\/06\/351147019_996829368306542_2420718802025756258_n-1.jpg",526,701,false],"newsphere-medium":["https:\/\/radioparquecde.com\/wp-content\/uploads\/2023\/06\/351147019_996829368306542_2420718802025756258_n-1-526x380.jpg",526,380,true]},"author_info":{"display_name":"Editor","author_link":"https:\/\/radioparquecde.com\/index.php\/author\/editor\/"},"category_info":"<a href=\"https:\/\/radioparquecde.com\/index.php\/category\/alto-parana\/\" rel=\"category tag\">ALTO PARAN\u00c1<\/a> <a href=\"https:\/\/radioparquecde.com\/index.php\/category\/noticias\/destacadas\/\" rel=\"category tag\">Destacadas<\/a> <a href=\"https:\/\/radioparquecde.com\/index.php\/category\/noticias\/\" rel=\"category tag\">Noticias<\/a> <a href=\"https:\/\/radioparquecde.com\/index.php\/category\/sucesos\/\" rel=\"category tag\">SUCESOS<\/a>","tag_info":"SUCESOS","comment_count":"0","_links":{"self":[{"href":"https:\/\/radioparquecde.com\/index.php\/wp-json\/wp\/v2\/posts\/11164","targetHints":{"allow":["GET"]}}],"collection":[{"href":"https:\/\/radioparquecde.com\/index.php\/wp-json\/wp\/v2\/posts"}],"about":[{"href":"https:\/\/radioparquecde.com\/index.php\/wp-json\/wp\/v2\/types\/post"}],"author":[{"embeddable":true,"href":"https:\/\/radioparquecde.com\/index.php\/wp-json\/wp\/v2\/users\/3"}],"replies":[{"embeddable":true,"href":"https:\/\/radioparquecde.com\/index.php\/wp-json\/wp\/v2\/comments?post=11164"}],"version-history":[{"count":1,"href":"https:\/\/radioparquecde.com\/index.php\/wp-json\/wp\/v2\/posts\/11164\/revisions"}],"predecessor-version":[{"id":11168,"href":"https:\/\/radioparquecde.com\/index.php\/wp-json\/wp\/v2\/posts\/11164\/revisions\/11168"}],"wp:featuredmedia":[{"embeddable":true,"href":"https:\/\/radioparquecde.com\/index.php\/wp-json\/wp\/v2\/media\/11167"}],"wp:attachment":[{"href":"https:\/\/radioparquecde.com\/index.php\/wp-json\/wp\/v2\/media?parent=11164"}],"wp:term":[{"taxonomy":"category","embeddable":true,"href":"https:\/\/radioparquecde.com\/index.php\/wp-json\/wp\/v2\/categories?post=11164"},{"taxonomy":"post_tag","embeddable":true,"href":"https:\/\/radioparquecde.com\/index.php\/wp-json\/wp\/v2\/tags?post=11164"}],"curies":[{"name":"wp","href":"https:\/\/api.w.org\/{rel}","templated":true}]}}