{"id":11188,"date":"2023-06-13T09:08:12","date_gmt":"2023-06-13T13:08:12","guid":{"rendered":"https:\/\/radioparquecde.com\/?p=11188"},"modified":"2023-06-13T09:08:13","modified_gmt":"2023-06-13T13:08:13","slug":"caen-presuntos-miembros-de-banda-de-ladrones-en-nueva-germania","status":"publish","type":"post","link":"https:\/\/radioparquecde.com\/index.php\/2023\/06\/13\/caen-presuntos-miembros-de-banda-de-ladrones-en-nueva-germania\/","title":{"rendered":"Caen presuntos miembros de banda de ladrones en Nueva Germania"},"content":{"rendered":"\n<p>El comisario Cristian C\u00e1ceres, jefe de Investigaci\u00f3n de Hechos Punibles del Departamento de San Pedro, report\u00f3 que 3 personas fueron aprehendidas en igual cantidad de allanamientos que se realizaron de manera simult\u00e1nea en la madrugada de este martes en viviendas ubicadas en la compa\u00f1\u00eda Aguarayimi del distrito de Nueva Germania.<\/p>\n\n\n\n<figure class=\"wp-block-image size-large\"><img loading=\"lazy\" decoding=\"async\" width=\"1024\" height=\"768\" src=\"https:\/\/radioparquecde.com\/wp-content\/uploads\/2023\/06\/Caen-presuntos-miembros-de-banda-de-ladrones-en-Nueva-Germania-13-06-2023-1024x768.jpg\" alt=\"\" class=\"wp-image-11190\" srcset=\"https:\/\/radioparquecde.com\/wp-content\/uploads\/2023\/06\/Caen-presuntos-miembros-de-banda-de-ladrones-en-Nueva-Germania-13-06-2023-1024x768.jpg 1024w, https:\/\/radioparquecde.com\/wp-content\/uploads\/2023\/06\/Caen-presuntos-miembros-de-banda-de-ladrones-en-Nueva-Germania-13-06-2023-300x225.jpg 300w, https:\/\/radioparquecde.com\/wp-content\/uploads\/2023\/06\/Caen-presuntos-miembros-de-banda-de-ladrones-en-Nueva-Germania-13-06-2023-768x576.jpg 768w, https:\/\/radioparquecde.com\/wp-content\/uploads\/2023\/06\/Caen-presuntos-miembros-de-banda-de-ladrones-en-Nueva-Germania-13-06-2023.jpg 1280w\" sizes=\"auto, (max-width: 1024px) 100vw, 1024px\" \/><\/figure>\n\n\n\n<p>El jefe policial explic\u00f3 que el operativo fue desplegado en prosecuci\u00f3n de la investigaci\u00f3n de varios hechos de hurto agravado que se perpetraron en la zona.<\/p>\n\n\n\n<p>Apunt\u00f3 que los aprehendidos fueron identificados como Wilfrido Ben\u00edtez (37), Juan Rivas Samudio (30) y Alejandro Pereira (22).<\/p>\n\n\n\n<p>Indic\u00f3 que del poder de estos se incautaron varios celulares, armas de fuego como ser rifles, escopetas y una pistola calibre 40, adem\u00e1s de varios tocos de coca\u00edna.<\/p>\n","protected":false},"excerpt":{"rendered":"<p>El comisario Cristian C\u00e1ceres, jefe de Investigaci\u00f3n de Hechos Punibles del Departamento de San Pedro,&#8230;<\/p>\n","protected":false},"author":3,"featured_media":11191,"comment_status":"closed","ping_status":"closed","sticky":false,"template":"","format":"standard","meta":{"footnotes":""},"categories":[2,6],"tags":[],"class_list":["post-11188","post","type-post","status-publish","format-standard","has-post-thumbnail","hentry","category-destacadas","category-noticias"],"featured_image_urls":{"full":["https:\/\/radioparquecde.com\/wp-content\/uploads\/2023\/06\/Caen-presuntos-miembros-de-banda-de-ladrones-en-Nueva-Germania-13-06-2023-1.jpg",1280,960,false],"thumbnail":["https:\/\/radioparquecde.com\/wp-content\/uploads\/2023\/06\/Caen-presuntos-miembros-de-banda-de-ladrones-en-Nueva-Germania-13-06-2023-1-150x150.jpg",150,150,true],"medium":["https:\/\/radioparquecde.com\/wp-content\/uploads\/2023\/06\/Caen-presuntos-miembros-de-banda-de-ladrones-en-Nueva-Germania-13-06-2023-1-300x225.jpg",300,225,true],"medium_large":["https:\/\/radioparquecde.com\/wp-content\/uploads\/2023\/06\/Caen-presuntos-miembros-de-banda-de-ladrones-en-Nueva-Germania-13-06-2023-1-768x576.jpg",640,480,true],"large":["https:\/\/radioparquecde.com\/wp-content\/uploads\/2023\/06\/Caen-presuntos-miembros-de-banda-de-ladrones-en-Nueva-Germania-13-06-2023-1-1024x768.jpg",640,480,true],"1536x1536":["https:\/\/radioparquecde.com\/wp-content\/uploads\/2023\/06\/Caen-presuntos-miembros-de-banda-de-ladrones-en-Nueva-Germania-13-06-2023-1.jpg",1280,960,false],"2048x2048":["https:\/\/radioparquecde.com\/wp-content\/uploads\/2023\/06\/Caen-presuntos-miembros-de-banda-de-ladrones-en-Nueva-Germania-13-06-2023-1.jpg",1280,960,false],"newsphere-slider-full":["https:\/\/radioparquecde.com\/wp-content\/uploads\/2023\/06\/Caen-presuntos-miembros-de-banda-de-ladrones-en-Nueva-Germania-13-06-2023-1-1280x720.jpg",1280,720,true],"newsphere-featured":["https:\/\/radioparquecde.com\/wp-content\/uploads\/2023\/06\/Caen-presuntos-miembros-de-banda-de-ladrones-en-Nueva-Germania-13-06-2023-1-1024x768.jpg",1024,768,true],"newsphere-medium":["https:\/\/radioparquecde.com\/wp-content\/uploads\/2023\/06\/Caen-presuntos-miembros-de-banda-de-ladrones-en-Nueva-Germania-13-06-2023-1-720x380.jpg",720,380,true]},"author_info":{"display_name":"Editor","author_link":"https:\/\/radioparquecde.com\/index.php\/author\/editor\/"},"category_info":"<a href=\"https:\/\/radioparquecde.com\/index.php\/category\/noticias\/destacadas\/\" rel=\"category tag\">Destacadas<\/a> <a href=\"https:\/\/radioparquecde.com\/index.php\/category\/noticias\/\" rel=\"category tag\">Noticias<\/a>","tag_info":"Noticias","comment_count":"0","_links":{"self":[{"href":"https:\/\/radioparquecde.com\/index.php\/wp-json\/wp\/v2\/posts\/11188","targetHints":{"allow":["GET"]}}],"collection":[{"href":"https:\/\/radioparquecde.com\/index.php\/wp-json\/wp\/v2\/posts"}],"about":[{"href":"https:\/\/radioparquecde.com\/index.php\/wp-json\/wp\/v2\/types\/post"}],"author":[{"embeddable":true,"href":"https:\/\/radioparquecde.com\/index.php\/wp-json\/wp\/v2\/users\/3"}],"replies":[{"embeddable":true,"href":"https:\/\/radioparquecde.com\/index.php\/wp-json\/wp\/v2\/comments?post=11188"}],"version-history":[{"count":1,"href":"https:\/\/radioparquecde.com\/index.php\/wp-json\/wp\/v2\/posts\/11188\/revisions"}],"predecessor-version":[{"id":11192,"href":"https:\/\/radioparquecde.com\/index.php\/wp-json\/wp\/v2\/posts\/11188\/revisions\/11192"}],"wp:featuredmedia":[{"embeddable":true,"href":"https:\/\/radioparquecde.com\/index.php\/wp-json\/wp\/v2\/media\/11191"}],"wp:attachment":[{"href":"https:\/\/radioparquecde.com\/index.php\/wp-json\/wp\/v2\/media?parent=11188"}],"wp:term":[{"taxonomy":"category","embeddable":true,"href":"https:\/\/radioparquecde.com\/index.php\/wp-json\/wp\/v2\/categories?post=11188"},{"taxonomy":"post_tag","embeddable":true,"href":"https:\/\/radioparquecde.com\/index.php\/wp-json\/wp\/v2\/tags?post=11188"}],"curies":[{"name":"wp","href":"https:\/\/api.w.org\/{rel}","templated":true}]}}