{"id":11243,"date":"2023-06-14T07:51:33","date_gmt":"2023-06-14T11:51:33","guid":{"rendered":"https:\/\/radioparquecde.com\/?p=11243"},"modified":"2023-06-14T07:51:34","modified_gmt":"2023-06-14T11:51:34","slug":"amaneceres-frios-y-tardes-frescas-durante-los-proximos-dias","status":"publish","type":"post","link":"https:\/\/radioparquecde.com\/index.php\/2023\/06\/14\/amaneceres-frios-y-tardes-frescas-durante-los-proximos-dias\/","title":{"rendered":"Amaneceres fr\u00edos y tardes frescas durante los pr\u00f3ximos d\u00edas."},"content":{"rendered":"\n<p>Hoy mi\u00e9rcoles nuevamente se prev\u00e9 un ambiente fr\u00edo, inclusive fresco en horas de la tarde. <\/p>\n\n\n\n<p>\u00a0En Ciudad del Este las temperaturas estar\u00e1n entre 6\u00b0C y 10\u00b0C, el cielo estar\u00e1 cubierto de nubes con lluvias, el viento ser\u00e1 flojo con una velocidad de 9 km\/h y de direcci\u00f3n suroeste<\/p>\n\n\n\n<p>Las temperaturas m\u00e1ximas oscilar\u00edan entre 11 a 15 \u00b0C en la regi\u00f3n Oriental, mientras que en la regi\u00f3n Occidental ente 14 a 17 \u00b0C.<\/p>\n\n\n\n<figure class=\"wp-block-image\"><img decoding=\"async\" src=\"blob:https:\/\/radioparquecde.com\/807336e9-b003-4943-b303-c63d597a629d\" alt=\"\"\/><\/figure>\n\n\n\n<p>Para ma\u00f1ana jueves la condici\u00f3n es la misma, temperaturas bajas y ambiente fr\u00edo a fresco. Las temperaturas m\u00ednimas oscilar\u00edan entre 7 a 9 \u00b0C en la regi\u00f3n Oriental, mientras que en la regi\u00f3n Occidental ente 4 a 6 \u00b0C. Las temperaturas m\u00e1ximas oscilar\u00edan entre 14 a 17 \u00b0C en la regi\u00f3n Oriental, mientras que en la regi\u00f3n Occidental ente 15 a 17 \u00b0C.<\/p>\n\n\n\n<p>Por otro lado, la sensaci\u00f3n t\u00e9rmica se encontrar\u00eda entre 2 y 4\u202f\u00b0C por debajo de la temperatura del aire y no se descarta la ocurrencia de escarchas de manera puntual, para m\u00e1s informaci\u00f3n&nbsp;<a href=\"https:\/\/www.meteorologia.gov.py\/wp-content\/uploads\/2023\/06\/202306121330_temperaturasbajas-1.pdf\">Aqu\u00ed Bolet\u00edn Especial<\/a><\/p>\n\n\n\n<p>En cuanto a las lluvias, para hoy mi\u00e9rcoles, las mismas se presentar\u00edan sobre el centro, este y sureste de la regi\u00f3n Oriental y norte del Chaco, en forma intermitente y dispersa. Para ma\u00f1ana las lluvias se centrar\u00e1n en el extremo este y sureste de la regi\u00f3n Oriental.<\/p>\n","protected":false},"excerpt":{"rendered":"<p>Hoy mi\u00e9rcoles nuevamente se prev\u00e9 un ambiente fr\u00edo, inclusive fresco en horas de la tarde&#8230;.<\/p>\n","protected":false},"author":3,"featured_media":11246,"comment_status":"closed","ping_status":"closed","sticky":false,"template":"","format":"standard","meta":{"footnotes":""},"categories":[48,6],"tags":[],"class_list":["post-11243","post","type-post","status-publish","format-standard","has-post-thumbnail","hentry","category-alto-parana","category-noticias"],"featured_image_urls":{"full":["https:\/\/radioparquecde.com\/wp-content\/uploads\/2023\/06\/capture-20230614-074757-1.png",1366,663,false],"thumbnail":["https:\/\/radioparquecde.com\/wp-content\/uploads\/2023\/06\/capture-20230614-074757-1-150x150.png",150,150,true],"medium":["https:\/\/radioparquecde.com\/wp-content\/uploads\/2023\/06\/capture-20230614-074757-1-300x146.png",300,146,true],"medium_large":["https:\/\/radioparquecde.com\/wp-content\/uploads\/2023\/06\/capture-20230614-074757-1-768x373.png",640,311,true],"large":["https:\/\/radioparquecde.com\/wp-content\/uploads\/2023\/06\/capture-20230614-074757-1-1024x497.png",640,311,true],"1536x1536":["https:\/\/radioparquecde.com\/wp-content\/uploads\/2023\/06\/capture-20230614-074757-1.png",1366,663,false],"2048x2048":["https:\/\/radioparquecde.com\/wp-content\/uploads\/2023\/06\/capture-20230614-074757-1.png",1366,663,false],"newsphere-slider-full":["https:\/\/radioparquecde.com\/wp-content\/uploads\/2023\/06\/capture-20230614-074757-1-1280x663.png",1280,663,true],"newsphere-featured":["https:\/\/radioparquecde.com\/wp-content\/uploads\/2023\/06\/capture-20230614-074757-1-1024x497.png",1024,497,true],"newsphere-medium":["https:\/\/radioparquecde.com\/wp-content\/uploads\/2023\/06\/capture-20230614-074757-1-720x380.png",720,380,true]},"author_info":{"display_name":"Editor","author_link":"https:\/\/radioparquecde.com\/index.php\/author\/editor\/"},"category_info":"<a href=\"https:\/\/radioparquecde.com\/index.php\/category\/alto-parana\/\" rel=\"category tag\">ALTO PARAN\u00c1<\/a> <a href=\"https:\/\/radioparquecde.com\/index.php\/category\/noticias\/\" rel=\"category tag\">Noticias<\/a>","tag_info":"Noticias","comment_count":"0","_links":{"self":[{"href":"https:\/\/radioparquecde.com\/index.php\/wp-json\/wp\/v2\/posts\/11243","targetHints":{"allow":["GET"]}}],"collection":[{"href":"https:\/\/radioparquecde.com\/index.php\/wp-json\/wp\/v2\/posts"}],"about":[{"href":"https:\/\/radioparquecde.com\/index.php\/wp-json\/wp\/v2\/types\/post"}],"author":[{"embeddable":true,"href":"https:\/\/radioparquecde.com\/index.php\/wp-json\/wp\/v2\/users\/3"}],"replies":[{"embeddable":true,"href":"https:\/\/radioparquecde.com\/index.php\/wp-json\/wp\/v2\/comments?post=11243"}],"version-history":[{"count":1,"href":"https:\/\/radioparquecde.com\/index.php\/wp-json\/wp\/v2\/posts\/11243\/revisions"}],"predecessor-version":[{"id":11247,"href":"https:\/\/radioparquecde.com\/index.php\/wp-json\/wp\/v2\/posts\/11243\/revisions\/11247"}],"wp:featuredmedia":[{"embeddable":true,"href":"https:\/\/radioparquecde.com\/index.php\/wp-json\/wp\/v2\/media\/11246"}],"wp:attachment":[{"href":"https:\/\/radioparquecde.com\/index.php\/wp-json\/wp\/v2\/media?parent=11243"}],"wp:term":[{"taxonomy":"category","embeddable":true,"href":"https:\/\/radioparquecde.com\/index.php\/wp-json\/wp\/v2\/categories?post=11243"},{"taxonomy":"post_tag","embeddable":true,"href":"https:\/\/radioparquecde.com\/index.php\/wp-json\/wp\/v2\/tags?post=11243"}],"curies":[{"name":"wp","href":"https:\/\/api.w.org\/{rel}","templated":true}]}}