{"id":11281,"date":"2023-06-14T12:45:46","date_gmt":"2023-06-14T16:45:46","guid":{"rendered":"https:\/\/radioparquecde.com\/?p=11281"},"modified":"2023-06-14T12:45:46","modified_gmt":"2023-06-14T16:45:46","slug":"el-presidente-electo-de-la-republica-santiago-pena-anuncio-a-angel-ramon-barchini-como-proximo-ministro-de-justicia","status":"publish","type":"post","link":"https:\/\/radioparquecde.com\/index.php\/2023\/06\/14\/el-presidente-electo-de-la-republica-santiago-pena-anuncio-a-angel-ramon-barchini-como-proximo-ministro-de-justicia\/","title":{"rendered":"El presidente electo de la Rep\u00fablica, Santiago Pe\u00f1a, anunci\u00f3 a \u00c1ngel Ram\u00f3n Barchini como pr\u00f3ximo ministro de Justicia."},"content":{"rendered":"\n<p>\u201cEn el \u00e1mbito del Ministerio de Justicia tenemos el desaf\u00edo de avanzar en una justicia m\u00e1s eficiente. <\/p>\n\n\n\n<p>He encontrado en la persona del abogado \u00c1ngel Barchini a la persona indicada para poder estar al frente del Ministerio de Justicia\u201d, anunci\u00f3 el presidente electo Santiago Pe\u00f1a mediante un video divulgado en sus redes sociales.<\/p>\n\n\n\n<figure class=\"wp-block-image size-full\"><img loading=\"lazy\" decoding=\"async\" width=\"1000\" height=\"563\" src=\"https:\/\/radioparquecde.com\/wp-content\/uploads\/2023\/06\/descarga-1-3.webp\" alt=\"\" class=\"wp-image-11283\" srcset=\"https:\/\/radioparquecde.com\/wp-content\/uploads\/2023\/06\/descarga-1-3.webp 1000w, https:\/\/radioparquecde.com\/wp-content\/uploads\/2023\/06\/descarga-1-3-300x169.webp 300w, https:\/\/radioparquecde.com\/wp-content\/uploads\/2023\/06\/descarga-1-3-768x432.webp 768w\" sizes=\"auto, (max-width: 1000px) 100vw, 1000px\" \/><\/figure>\n","protected":false},"excerpt":{"rendered":"<p>\u201cEn el \u00e1mbito del Ministerio de Justicia tenemos el desaf\u00edo de avanzar en una justicia&#8230;<\/p>\n","protected":false},"author":3,"featured_media":11284,"comment_status":"closed","ping_status":"closed","sticky":false,"template":"","format":"standard","meta":{"footnotes":""},"categories":[6,11],"tags":[],"class_list":["post-11281","post","type-post","status-publish","format-standard","has-post-thumbnail","hentry","category-noticias","category-politica"],"featured_image_urls":{"full":["https:\/\/radioparquecde.com\/wp-content\/uploads\/2023\/06\/descarga-1-4.webp",1000,563,false],"thumbnail":["https:\/\/radioparquecde.com\/wp-content\/uploads\/2023\/06\/descarga-1-4-150x150.webp",150,150,true],"medium":["https:\/\/radioparquecde.com\/wp-content\/uploads\/2023\/06\/descarga-1-4-300x169.webp",300,169,true],"medium_large":["https:\/\/radioparquecde.com\/wp-content\/uploads\/2023\/06\/descarga-1-4-768x432.webp",640,360,true],"large":["https:\/\/radioparquecde.com\/wp-content\/uploads\/2023\/06\/descarga-1-4.webp",640,360,false],"1536x1536":["https:\/\/radioparquecde.com\/wp-content\/uploads\/2023\/06\/descarga-1-4.webp",1000,563,false],"2048x2048":["https:\/\/radioparquecde.com\/wp-content\/uploads\/2023\/06\/descarga-1-4.webp",1000,563,false],"newsphere-slider-full":["https:\/\/radioparquecde.com\/wp-content\/uploads\/2023\/06\/descarga-1-4.webp",1000,563,false],"newsphere-featured":["https:\/\/radioparquecde.com\/wp-content\/uploads\/2023\/06\/descarga-1-4.webp",1000,563,false],"newsphere-medium":["https:\/\/radioparquecde.com\/wp-content\/uploads\/2023\/06\/descarga-1-4-720x380.webp",720,380,true]},"author_info":{"display_name":"Editor","author_link":"https:\/\/radioparquecde.com\/index.php\/author\/editor\/"},"category_info":"<a href=\"https:\/\/radioparquecde.com\/index.php\/category\/noticias\/\" rel=\"category tag\">Noticias<\/a> <a href=\"https:\/\/radioparquecde.com\/index.php\/category\/noticias\/politica\/\" rel=\"category tag\">Pol\u00edtica<\/a>","tag_info":"Pol\u00edtica","comment_count":"0","_links":{"self":[{"href":"https:\/\/radioparquecde.com\/index.php\/wp-json\/wp\/v2\/posts\/11281","targetHints":{"allow":["GET"]}}],"collection":[{"href":"https:\/\/radioparquecde.com\/index.php\/wp-json\/wp\/v2\/posts"}],"about":[{"href":"https:\/\/radioparquecde.com\/index.php\/wp-json\/wp\/v2\/types\/post"}],"author":[{"embeddable":true,"href":"https:\/\/radioparquecde.com\/index.php\/wp-json\/wp\/v2\/users\/3"}],"replies":[{"embeddable":true,"href":"https:\/\/radioparquecde.com\/index.php\/wp-json\/wp\/v2\/comments?post=11281"}],"version-history":[{"count":1,"href":"https:\/\/radioparquecde.com\/index.php\/wp-json\/wp\/v2\/posts\/11281\/revisions"}],"predecessor-version":[{"id":11285,"href":"https:\/\/radioparquecde.com\/index.php\/wp-json\/wp\/v2\/posts\/11281\/revisions\/11285"}],"wp:featuredmedia":[{"embeddable":true,"href":"https:\/\/radioparquecde.com\/index.php\/wp-json\/wp\/v2\/media\/11284"}],"wp:attachment":[{"href":"https:\/\/radioparquecde.com\/index.php\/wp-json\/wp\/v2\/media?parent=11281"}],"wp:term":[{"taxonomy":"category","embeddable":true,"href":"https:\/\/radioparquecde.com\/index.php\/wp-json\/wp\/v2\/categories?post=11281"},{"taxonomy":"post_tag","embeddable":true,"href":"https:\/\/radioparquecde.com\/index.php\/wp-json\/wp\/v2\/tags?post=11281"}],"curies":[{"name":"wp","href":"https:\/\/api.w.org\/{rel}","templated":true}]}}