{"id":11530,"date":"2023-06-20T17:47:41","date_gmt":"2023-06-20T21:47:41","guid":{"rendered":"https:\/\/radioparquecde.com\/?p=11530"},"modified":"2023-06-20T17:47:42","modified_gmt":"2023-06-20T21:47:42","slug":"recuperan-vehiculo-robado","status":"publish","type":"post","link":"https:\/\/radioparquecde.com\/index.php\/2023\/06\/20\/recuperan-vehiculo-robado\/","title":{"rendered":"Recuperan veh\u00edculo robado"},"content":{"rendered":"\n<p>Un veh\u00edculo denunciado como hurtado fue recuperado en la v\u00eda p\u00fablica, frente a un lavadero en el barrio Juan E\u00b4 Oleary de Ciudad del Este. Se trata de un autom\u00f3vil de la marca Fiat, Siena Fire, plata a\u00f1o 2011, con chapa AUB3J61 con chapa  brasile\u00f1a.<\/p>\n\n\n\n<figure class=\"wp-block-image size-full\"><img loading=\"lazy\" decoding=\"async\" width=\"753\" height=\"859\" src=\"https:\/\/radioparquecde.com\/wp-content\/uploads\/2023\/06\/WhatsApp-Image-2023-06-20-at-10.36.42-AM-1-1536x864-1.jpeg\" alt=\"\" class=\"wp-image-11532\" srcset=\"https:\/\/radioparquecde.com\/wp-content\/uploads\/2023\/06\/WhatsApp-Image-2023-06-20-at-10.36.42-AM-1-1536x864-1.jpeg 753w, https:\/\/radioparquecde.com\/wp-content\/uploads\/2023\/06\/WhatsApp-Image-2023-06-20-at-10.36.42-AM-1-1536x864-1-263x300.jpeg 263w\" sizes=\"auto, (max-width: 753px) 100vw, 753px\" \/><\/figure>\n\n\n\n<p>El rodado pertenece a Ang\u00e9lica Resina Goncalves (26), de nacionalidad brasile\u00f1a, domiciliada en el barrio San Jos\u00e9 de esta ciudad. La mujer hab\u00eda denunciado que, el lunes a las 20:30 horas dej\u00f3 estacionado su veh\u00edculo sobre la avenida Alejo Garc\u00ed\u00e1 cerca de una estaci\u00f3n de servicio de donde fue hurtado.<\/p>\n\n\n\n<p>Intervinieron agentes de la comisar\u00eda 1a para realizar el procedimiento de rigor.<\/p>\n","protected":false},"excerpt":{"rendered":"<p>Un veh\u00edculo denunciado como hurtado fue recuperado en la v\u00eda p\u00fablica, frente a un lavadero&#8230;<\/p>\n","protected":false},"author":3,"featured_media":11533,"comment_status":"closed","ping_status":"closed","sticky":false,"template":"","format":"standard","meta":{"footnotes":""},"categories":[48,6],"tags":[],"class_list":["post-11530","post","type-post","status-publish","format-standard","has-post-thumbnail","hentry","category-alto-parana","category-noticias"],"featured_image_urls":{"full":["https:\/\/radioparquecde.com\/wp-content\/uploads\/2023\/06\/WhatsApp-Image-2023-06-20-at-10.36.42-AM-1-1536x864-2.jpeg",753,859,false],"thumbnail":["https:\/\/radioparquecde.com\/wp-content\/uploads\/2023\/06\/WhatsApp-Image-2023-06-20-at-10.36.42-AM-1-1536x864-2-150x150.jpeg",150,150,true],"medium":["https:\/\/radioparquecde.com\/wp-content\/uploads\/2023\/06\/WhatsApp-Image-2023-06-20-at-10.36.42-AM-1-1536x864-2-263x300.jpeg",263,300,true],"medium_large":["https:\/\/radioparquecde.com\/wp-content\/uploads\/2023\/06\/WhatsApp-Image-2023-06-20-at-10.36.42-AM-1-1536x864-2.jpeg",640,730,false],"large":["https:\/\/radioparquecde.com\/wp-content\/uploads\/2023\/06\/WhatsApp-Image-2023-06-20-at-10.36.42-AM-1-1536x864-2.jpeg",640,730,false],"1536x1536":["https:\/\/radioparquecde.com\/wp-content\/uploads\/2023\/06\/WhatsApp-Image-2023-06-20-at-10.36.42-AM-1-1536x864-2.jpeg",753,859,false],"2048x2048":["https:\/\/radioparquecde.com\/wp-content\/uploads\/2023\/06\/WhatsApp-Image-2023-06-20-at-10.36.42-AM-1-1536x864-2.jpeg",753,859,false],"newsphere-slider-full":["https:\/\/radioparquecde.com\/wp-content\/uploads\/2023\/06\/WhatsApp-Image-2023-06-20-at-10.36.42-AM-1-1536x864-2-753x720.jpeg",753,720,true],"newsphere-featured":["https:\/\/radioparquecde.com\/wp-content\/uploads\/2023\/06\/WhatsApp-Image-2023-06-20-at-10.36.42-AM-1-1536x864-2.jpeg",753,859,false],"newsphere-medium":["https:\/\/radioparquecde.com\/wp-content\/uploads\/2023\/06\/WhatsApp-Image-2023-06-20-at-10.36.42-AM-1-1536x864-2-720x380.jpeg",720,380,true]},"author_info":{"display_name":"Editor","author_link":"https:\/\/radioparquecde.com\/index.php\/author\/editor\/"},"category_info":"<a href=\"https:\/\/radioparquecde.com\/index.php\/category\/alto-parana\/\" rel=\"category tag\">ALTO PARAN\u00c1<\/a> <a href=\"https:\/\/radioparquecde.com\/index.php\/category\/noticias\/\" rel=\"category tag\">Noticias<\/a>","tag_info":"Noticias","comment_count":"0","_links":{"self":[{"href":"https:\/\/radioparquecde.com\/index.php\/wp-json\/wp\/v2\/posts\/11530","targetHints":{"allow":["GET"]}}],"collection":[{"href":"https:\/\/radioparquecde.com\/index.php\/wp-json\/wp\/v2\/posts"}],"about":[{"href":"https:\/\/radioparquecde.com\/index.php\/wp-json\/wp\/v2\/types\/post"}],"author":[{"embeddable":true,"href":"https:\/\/radioparquecde.com\/index.php\/wp-json\/wp\/v2\/users\/3"}],"replies":[{"embeddable":true,"href":"https:\/\/radioparquecde.com\/index.php\/wp-json\/wp\/v2\/comments?post=11530"}],"version-history":[{"count":1,"href":"https:\/\/radioparquecde.com\/index.php\/wp-json\/wp\/v2\/posts\/11530\/revisions"}],"predecessor-version":[{"id":11534,"href":"https:\/\/radioparquecde.com\/index.php\/wp-json\/wp\/v2\/posts\/11530\/revisions\/11534"}],"wp:featuredmedia":[{"embeddable":true,"href":"https:\/\/radioparquecde.com\/index.php\/wp-json\/wp\/v2\/media\/11533"}],"wp:attachment":[{"href":"https:\/\/radioparquecde.com\/index.php\/wp-json\/wp\/v2\/media?parent=11530"}],"wp:term":[{"taxonomy":"category","embeddable":true,"href":"https:\/\/radioparquecde.com\/index.php\/wp-json\/wp\/v2\/categories?post=11530"},{"taxonomy":"post_tag","embeddable":true,"href":"https:\/\/radioparquecde.com\/index.php\/wp-json\/wp\/v2\/tags?post=11530"}],"curies":[{"name":"wp","href":"https:\/\/api.w.org\/{rel}","templated":true}]}}