{"id":11540,"date":"2023-06-21T08:07:26","date_gmt":"2023-06-21T12:07:26","guid":{"rendered":"https:\/\/radioparquecde.com\/?p=11540"},"modified":"2023-06-21T08:07:27","modified_gmt":"2023-06-21T12:07:27","slug":"indigente-fallecio-por-causa-de-hipotermia","status":"publish","type":"post","link":"https:\/\/radioparquecde.com\/index.php\/2023\/06\/21\/indigente-fallecio-por-causa-de-hipotermia\/","title":{"rendered":"Indigente falleci\u00f3 por causa de hipotermia"},"content":{"rendered":"\n<p>Un hombre en situaci\u00f3n de calle que estaba internado en un centro asistencial falleci\u00f3 luego de sufrir complicaciones por un cuadro de hipotermia. Bomberos voluntarios lo hab\u00edan encontrado en la calle y lo auxiliaron, pero lamentablemente no resisti\u00f3. Ocurri\u00f3 en la madrugada del martes en la sala de urgencias del Hospital Distrital de Hernandarias.<\/p>\n\n\n\n<figure class=\"wp-block-image size-full\"><img loading=\"lazy\" decoding=\"async\" width=\"600\" height=\"390\" src=\"https:\/\/radioparquecde.com\/wp-content\/uploads\/2023\/06\/depositphotos_319256302-stock-photo-homeless-man-sleeping-on-the.webp\" alt=\"\" class=\"wp-image-11542\" srcset=\"https:\/\/radioparquecde.com\/wp-content\/uploads\/2023\/06\/depositphotos_319256302-stock-photo-homeless-man-sleeping-on-the.webp 600w, https:\/\/radioparquecde.com\/wp-content\/uploads\/2023\/06\/depositphotos_319256302-stock-photo-homeless-man-sleeping-on-the-300x195.webp 300w\" sizes=\"auto, (max-width: 600px) 100vw, 600px\" \/><\/figure>\n\n\n\n<p>El martes a primera hora los m\u00e9dicos del centro asistencial informaron a <a><\/a>la Polic\u00eda Nacional sobre el fallecimiento de un ciudadano en situaci\u00f3n de calle que hab\u00eda ingresado a la urgencia el lunes a la ma\u00f1ana, tras ser auxiliado por bomberos voluntarios. Los doctores indicaron que el sujeto tuvo complicaciones por causa de un cuadro de hipotermia y que pese a los intentos ya no pudieron reanimarlo.<\/p>\n\n\n\n<p>La Comisar\u00eda 27 inform\u00f3 que identificaron al hombre solamente como Abel Sosa, que tendr\u00eda 50 a\u00f1os de edad aproximadamente. La Polic\u00eda Nacional mencion\u00f3 que a trav\u00e9s del Sistema Afis buscar\u00edan identificar correctamente algo, pero hasta el cierre de nuestra edici\u00f3n no se inform\u00f3 m\u00e1s nada. La Fiscal\u00eda tom\u00f3 intervenci\u00f3n.<\/p>\n","protected":false},"excerpt":{"rendered":"<p>Un hombre en situaci\u00f3n de calle que estaba internado en un centro asistencial falleci\u00f3 luego&#8230;<\/p>\n","protected":false},"author":3,"featured_media":11543,"comment_status":"closed","ping_status":"closed","sticky":false,"template":"","format":"standard","meta":{"footnotes":""},"categories":[48,6],"tags":[],"class_list":["post-11540","post","type-post","status-publish","format-standard","has-post-thumbnail","hentry","category-alto-parana","category-noticias"],"featured_image_urls":{"full":["https:\/\/radioparquecde.com\/wp-content\/uploads\/2023\/06\/depositphotos_319256302-stock-photo-homeless-man-sleeping-on-the-1.webp",600,390,false],"thumbnail":["https:\/\/radioparquecde.com\/wp-content\/uploads\/2023\/06\/depositphotos_319256302-stock-photo-homeless-man-sleeping-on-the-1-150x150.webp",150,150,true],"medium":["https:\/\/radioparquecde.com\/wp-content\/uploads\/2023\/06\/depositphotos_319256302-stock-photo-homeless-man-sleeping-on-the-1-300x195.webp",300,195,true],"medium_large":["https:\/\/radioparquecde.com\/wp-content\/uploads\/2023\/06\/depositphotos_319256302-stock-photo-homeless-man-sleeping-on-the-1.webp",600,390,false],"large":["https:\/\/radioparquecde.com\/wp-content\/uploads\/2023\/06\/depositphotos_319256302-stock-photo-homeless-man-sleeping-on-the-1.webp",600,390,false],"1536x1536":["https:\/\/radioparquecde.com\/wp-content\/uploads\/2023\/06\/depositphotos_319256302-stock-photo-homeless-man-sleeping-on-the-1.webp",600,390,false],"2048x2048":["https:\/\/radioparquecde.com\/wp-content\/uploads\/2023\/06\/depositphotos_319256302-stock-photo-homeless-man-sleeping-on-the-1.webp",600,390,false],"newsphere-slider-full":["https:\/\/radioparquecde.com\/wp-content\/uploads\/2023\/06\/depositphotos_319256302-stock-photo-homeless-man-sleeping-on-the-1.webp",600,390,false],"newsphere-featured":["https:\/\/radioparquecde.com\/wp-content\/uploads\/2023\/06\/depositphotos_319256302-stock-photo-homeless-man-sleeping-on-the-1.webp",600,390,false],"newsphere-medium":["https:\/\/radioparquecde.com\/wp-content\/uploads\/2023\/06\/depositphotos_319256302-stock-photo-homeless-man-sleeping-on-the-1-600x380.webp",600,380,true]},"author_info":{"display_name":"Editor","author_link":"https:\/\/radioparquecde.com\/index.php\/author\/editor\/"},"category_info":"<a href=\"https:\/\/radioparquecde.com\/index.php\/category\/alto-parana\/\" rel=\"category tag\">ALTO PARAN\u00c1<\/a> <a href=\"https:\/\/radioparquecde.com\/index.php\/category\/noticias\/\" rel=\"category tag\">Noticias<\/a>","tag_info":"Noticias","comment_count":"0","_links":{"self":[{"href":"https:\/\/radioparquecde.com\/index.php\/wp-json\/wp\/v2\/posts\/11540","targetHints":{"allow":["GET"]}}],"collection":[{"href":"https:\/\/radioparquecde.com\/index.php\/wp-json\/wp\/v2\/posts"}],"about":[{"href":"https:\/\/radioparquecde.com\/index.php\/wp-json\/wp\/v2\/types\/post"}],"author":[{"embeddable":true,"href":"https:\/\/radioparquecde.com\/index.php\/wp-json\/wp\/v2\/users\/3"}],"replies":[{"embeddable":true,"href":"https:\/\/radioparquecde.com\/index.php\/wp-json\/wp\/v2\/comments?post=11540"}],"version-history":[{"count":1,"href":"https:\/\/radioparquecde.com\/index.php\/wp-json\/wp\/v2\/posts\/11540\/revisions"}],"predecessor-version":[{"id":11544,"href":"https:\/\/radioparquecde.com\/index.php\/wp-json\/wp\/v2\/posts\/11540\/revisions\/11544"}],"wp:featuredmedia":[{"embeddable":true,"href":"https:\/\/radioparquecde.com\/index.php\/wp-json\/wp\/v2\/media\/11543"}],"wp:attachment":[{"href":"https:\/\/radioparquecde.com\/index.php\/wp-json\/wp\/v2\/media?parent=11540"}],"wp:term":[{"taxonomy":"category","embeddable":true,"href":"https:\/\/radioparquecde.com\/index.php\/wp-json\/wp\/v2\/categories?post=11540"},{"taxonomy":"post_tag","embeddable":true,"href":"https:\/\/radioparquecde.com\/index.php\/wp-json\/wp\/v2\/tags?post=11540"}],"curies":[{"name":"wp","href":"https:\/\/api.w.org\/{rel}","templated":true}]}}