{"id":11545,"date":"2023-06-21T08:44:58","date_gmt":"2023-06-21T12:44:58","guid":{"rendered":"https:\/\/radioparquecde.com\/?p=11545"},"modified":"2023-06-21T08:44:59","modified_gmt":"2023-06-21T12:44:59","slug":"ebrio-ocasiona-accidente-en-pte-franco","status":"publish","type":"post","link":"https:\/\/radioparquecde.com\/index.php\/2023\/06\/21\/ebrio-ocasiona-accidente-en-pte-franco\/","title":{"rendered":"Ebrio ocasiona accidente en Pte. Franco"},"content":{"rendered":"\n<p>Un percance rutero sucedi\u00f3 a las 22:10 horas del martes en la avenida Monday, en el Km. 6 de Presidente Franco.<\/p>\n\n\n\n<figure class=\"wp-block-image size-large\"><img loading=\"lazy\" decoding=\"async\" width=\"578\" height=\"1024\" src=\"https:\/\/radioparquecde.com\/wp-content\/uploads\/2023\/06\/ccidente-578x1024.jpg\" alt=\"\" class=\"wp-image-11547\" srcset=\"https:\/\/radioparquecde.com\/wp-content\/uploads\/2023\/06\/ccidente-578x1024.jpg 578w, https:\/\/radioparquecde.com\/wp-content\/uploads\/2023\/06\/ccidente-169x300.jpg 169w, https:\/\/radioparquecde.com\/wp-content\/uploads\/2023\/06\/ccidente-768x1361.jpg 768w, https:\/\/radioparquecde.com\/wp-content\/uploads\/2023\/06\/ccidente-867x1536.jpg 867w, https:\/\/radioparquecde.com\/wp-content\/uploads\/2023\/06\/ccidente.jpg 903w\" sizes=\"auto, (max-width: 578px) 100vw, 578px\" \/><\/figure>\n\n\n\n<p>El accidente involucr\u00f3 a una motocicleta Taiga, TL 150, negro, a\u00f1o 2020, chapa 760 AAVH guiado por V\u00edctor Jonatan Ben\u00edtez Coronel (29) quien estaba acompa\u00f1ado por su pareja Viviana Ruiz D\u00edaz de Ben\u00edtez (26); y un motocarro Kenton, modelo triciclo de carga 150 Card\u00e1n, azul, a\u00f1o 2011, chapa 998 CCJ, guiado por Osvaldo Rey Gim\u00e9nez (49).<\/p>\n\n\n\n<p>Los ocupantes de la motocicleta sufrieron lesiones y fueron trasladados por bomberos voluntarios hasta el Hospital de Traumas de Ciudad del Este.<\/p>\n\n\n\n<p>Seg\u00fan el informe policial, el motocarro realiz\u00f3 el giro con la intenci\u00f3n de ingresar a una cuadra, cuando fue embestido por la motocicleta.<\/p>\n\n\n\n<p>Se inform\u00f3 a la fiscal Emilce Ovelar, quien dispuso la prueba de alcotest, a lo que Gim\u00e9nez dio como resultado positivo 0.928 mg\/L. Se procedi\u00f3 a la aprehensi\u00f3n del hombre y la incautaci\u00f3n de las motocicletas.<\/p>\n","protected":false},"excerpt":{"rendered":"<p>Un percance rutero sucedi\u00f3 a las 22:10 horas del martes en la avenida Monday, en&#8230;<\/p>\n","protected":false},"author":3,"featured_media":11548,"comment_status":"closed","ping_status":"closed","sticky":false,"template":"","format":"standard","meta":{"footnotes":""},"categories":[48,6],"tags":[],"class_list":["post-11545","post","type-post","status-publish","format-standard","has-post-thumbnail","hentry","category-alto-parana","category-noticias"],"featured_image_urls":{"full":["https:\/\/radioparquecde.com\/wp-content\/uploads\/2023\/06\/ccidente-1.jpg",903,1600,false],"thumbnail":["https:\/\/radioparquecde.com\/wp-content\/uploads\/2023\/06\/ccidente-1-150x150.jpg",150,150,true],"medium":["https:\/\/radioparquecde.com\/wp-content\/uploads\/2023\/06\/ccidente-1-169x300.jpg",169,300,true],"medium_large":["https:\/\/radioparquecde.com\/wp-content\/uploads\/2023\/06\/ccidente-1-768x1361.jpg",640,1134,true],"large":["https:\/\/radioparquecde.com\/wp-content\/uploads\/2023\/06\/ccidente-1-578x1024.jpg",578,1024,true],"1536x1536":["https:\/\/radioparquecde.com\/wp-content\/uploads\/2023\/06\/ccidente-1-867x1536.jpg",867,1536,true],"2048x2048":["https:\/\/radioparquecde.com\/wp-content\/uploads\/2023\/06\/ccidente-1.jpg",903,1600,false],"newsphere-slider-full":["https:\/\/radioparquecde.com\/wp-content\/uploads\/2023\/06\/ccidente-1-903x720.jpg",903,720,true],"newsphere-featured":["https:\/\/radioparquecde.com\/wp-content\/uploads\/2023\/06\/ccidente-1.jpg",903,1600,false],"newsphere-medium":["https:\/\/radioparquecde.com\/wp-content\/uploads\/2023\/06\/ccidente-1-720x380.jpg",720,380,true]},"author_info":{"display_name":"Editor","author_link":"https:\/\/radioparquecde.com\/index.php\/author\/editor\/"},"category_info":"<a href=\"https:\/\/radioparquecde.com\/index.php\/category\/alto-parana\/\" rel=\"category tag\">ALTO PARAN\u00c1<\/a> <a href=\"https:\/\/radioparquecde.com\/index.php\/category\/noticias\/\" rel=\"category tag\">Noticias<\/a>","tag_info":"Noticias","comment_count":"0","_links":{"self":[{"href":"https:\/\/radioparquecde.com\/index.php\/wp-json\/wp\/v2\/posts\/11545","targetHints":{"allow":["GET"]}}],"collection":[{"href":"https:\/\/radioparquecde.com\/index.php\/wp-json\/wp\/v2\/posts"}],"about":[{"href":"https:\/\/radioparquecde.com\/index.php\/wp-json\/wp\/v2\/types\/post"}],"author":[{"embeddable":true,"href":"https:\/\/radioparquecde.com\/index.php\/wp-json\/wp\/v2\/users\/3"}],"replies":[{"embeddable":true,"href":"https:\/\/radioparquecde.com\/index.php\/wp-json\/wp\/v2\/comments?post=11545"}],"version-history":[{"count":1,"href":"https:\/\/radioparquecde.com\/index.php\/wp-json\/wp\/v2\/posts\/11545\/revisions"}],"predecessor-version":[{"id":11549,"href":"https:\/\/radioparquecde.com\/index.php\/wp-json\/wp\/v2\/posts\/11545\/revisions\/11549"}],"wp:featuredmedia":[{"embeddable":true,"href":"https:\/\/radioparquecde.com\/index.php\/wp-json\/wp\/v2\/media\/11548"}],"wp:attachment":[{"href":"https:\/\/radioparquecde.com\/index.php\/wp-json\/wp\/v2\/media?parent=11545"}],"wp:term":[{"taxonomy":"category","embeddable":true,"href":"https:\/\/radioparquecde.com\/index.php\/wp-json\/wp\/v2\/categories?post=11545"},{"taxonomy":"post_tag","embeddable":true,"href":"https:\/\/radioparquecde.com\/index.php\/wp-json\/wp\/v2\/tags?post=11545"}],"curies":[{"name":"wp","href":"https:\/\/api.w.org\/{rel}","templated":true}]}}