{"id":11782,"date":"2023-06-26T14:46:00","date_gmt":"2023-06-26T18:46:00","guid":{"rendered":"https:\/\/radioparquecde.com\/?p=11782"},"modified":"2023-06-26T14:46:01","modified_gmt":"2023-06-26T18:46:01","slug":"vehiculo-cayo-a-un-arroyo-tras-volcar","status":"publish","type":"post","link":"https:\/\/radioparquecde.com\/index.php\/2023\/06\/26\/vehiculo-cayo-a-un-arroyo-tras-volcar\/","title":{"rendered":"Veh\u00edculo cay\u00f3 a un arroyo tras volcar"},"content":{"rendered":"\n<p>SANTA RITA. Una camioneta fue a parar en medio del cauce de un arroyo luego que el conductor perdiera la direcci\u00f3n y volcara aparatosamente. Otros conductores que pasaban por el lugar ayudaron al chofer al salir del veh\u00edculo volcado y lo llevaron por precauci\u00f3n a un centro asistencial. El aparatoso accidente de tr\u00e1nsito se registr\u00f3 el s\u00e1bado a las 22:20 horas sobre la calle Gaspar Rodr\u00edguez de Francia, en el barrio Centro.<\/p>\n\n\n\n<figure class=\"wp-block-image size-large\"><img loading=\"lazy\" decoding=\"async\" width=\"768\" height=\"1024\" src=\"https:\/\/radioparquecde.com\/wp-content\/uploads\/2023\/06\/356431304_800951504727841_1348457539191795564_n-768x1024.jpg\" alt=\"\" class=\"wp-image-11784\" srcset=\"https:\/\/radioparquecde.com\/wp-content\/uploads\/2023\/06\/356431304_800951504727841_1348457539191795564_n-768x1024.jpg 768w, https:\/\/radioparquecde.com\/wp-content\/uploads\/2023\/06\/356431304_800951504727841_1348457539191795564_n-225x300.jpg 225w, https:\/\/radioparquecde.com\/wp-content\/uploads\/2023\/06\/356431304_800951504727841_1348457539191795564_n-1152x1536.jpg 1152w, https:\/\/radioparquecde.com\/wp-content\/uploads\/2023\/06\/356431304_800951504727841_1348457539191795564_n-1024x1365.jpg 1024w, https:\/\/radioparquecde.com\/wp-content\/uploads\/2023\/06\/356431304_800951504727841_1348457539191795564_n.jpg 1200w\" sizes=\"auto, (max-width: 768px) 100vw, 768px\" \/><\/figure>\n\n\n\n<p>La Comisar\u00eda 18 <a><\/a>inform\u00f3 que el percance fue protagonizado por una camioneta Volkswagen Amarok, registrado a nombre de Mauro Leite De Almeida. El veh\u00edculo fue hallado en el cauce de un arroyo con las cuatro ruedas al aire, pero el conductor ya no se encontraba en el interior. Algunos vecinos del lugar comentaron a los intervinientes que el chofer ya hab\u00eda sido auxiliado y llevado a un hospital cercano con algunas lesiones leves.<\/p>\n\n\n\n<p>Las circunstancias en que se produjo el aparatoso accidente de tr\u00e1nsito no fueron aclaradas. Hasta el cierre de nuestra edici\u00f3n tampoco se inform\u00f3 sobre la identidad del conductor que sufri\u00f3 el percance.<\/p>\n","protected":false},"excerpt":{"rendered":"<p>SANTA RITA. Una camioneta fue a parar en medio del cauce de un arroyo luego&#8230;<\/p>\n","protected":false},"author":3,"featured_media":11785,"comment_status":"closed","ping_status":"closed","sticky":false,"template":"","format":"standard","meta":{"footnotes":""},"categories":[48,6],"tags":[],"class_list":["post-11782","post","type-post","status-publish","format-standard","has-post-thumbnail","hentry","category-alto-parana","category-noticias"],"featured_image_urls":{"full":["https:\/\/radioparquecde.com\/wp-content\/uploads\/2023\/06\/356431304_800951504727841_1348457539191795564_n-1.jpg",1200,1600,false],"thumbnail":["https:\/\/radioparquecde.com\/wp-content\/uploads\/2023\/06\/356431304_800951504727841_1348457539191795564_n-1-150x150.jpg",150,150,true],"medium":["https:\/\/radioparquecde.com\/wp-content\/uploads\/2023\/06\/356431304_800951504727841_1348457539191795564_n-1-225x300.jpg",225,300,true],"medium_large":["https:\/\/radioparquecde.com\/wp-content\/uploads\/2023\/06\/356431304_800951504727841_1348457539191795564_n-1-768x1024.jpg",640,853,true],"large":["https:\/\/radioparquecde.com\/wp-content\/uploads\/2023\/06\/356431304_800951504727841_1348457539191795564_n-1-768x1024.jpg",640,853,true],"1536x1536":["https:\/\/radioparquecde.com\/wp-content\/uploads\/2023\/06\/356431304_800951504727841_1348457539191795564_n-1-1152x1536.jpg",1152,1536,true],"2048x2048":["https:\/\/radioparquecde.com\/wp-content\/uploads\/2023\/06\/356431304_800951504727841_1348457539191795564_n-1.jpg",1200,1600,false],"newsphere-slider-full":["https:\/\/radioparquecde.com\/wp-content\/uploads\/2023\/06\/356431304_800951504727841_1348457539191795564_n-1-1200x720.jpg",1200,720,true],"newsphere-featured":["https:\/\/radioparquecde.com\/wp-content\/uploads\/2023\/06\/356431304_800951504727841_1348457539191795564_n-1-1024x1365.jpg",1024,1365,true],"newsphere-medium":["https:\/\/radioparquecde.com\/wp-content\/uploads\/2023\/06\/356431304_800951504727841_1348457539191795564_n-1-720x380.jpg",720,380,true]},"author_info":{"display_name":"Editor","author_link":"https:\/\/radioparquecde.com\/index.php\/author\/editor\/"},"category_info":"<a href=\"https:\/\/radioparquecde.com\/index.php\/category\/alto-parana\/\" rel=\"category tag\">ALTO PARAN\u00c1<\/a> <a href=\"https:\/\/radioparquecde.com\/index.php\/category\/noticias\/\" rel=\"category tag\">Noticias<\/a>","tag_info":"Noticias","comment_count":"0","_links":{"self":[{"href":"https:\/\/radioparquecde.com\/index.php\/wp-json\/wp\/v2\/posts\/11782","targetHints":{"allow":["GET"]}}],"collection":[{"href":"https:\/\/radioparquecde.com\/index.php\/wp-json\/wp\/v2\/posts"}],"about":[{"href":"https:\/\/radioparquecde.com\/index.php\/wp-json\/wp\/v2\/types\/post"}],"author":[{"embeddable":true,"href":"https:\/\/radioparquecde.com\/index.php\/wp-json\/wp\/v2\/users\/3"}],"replies":[{"embeddable":true,"href":"https:\/\/radioparquecde.com\/index.php\/wp-json\/wp\/v2\/comments?post=11782"}],"version-history":[{"count":1,"href":"https:\/\/radioparquecde.com\/index.php\/wp-json\/wp\/v2\/posts\/11782\/revisions"}],"predecessor-version":[{"id":11786,"href":"https:\/\/radioparquecde.com\/index.php\/wp-json\/wp\/v2\/posts\/11782\/revisions\/11786"}],"wp:featuredmedia":[{"embeddable":true,"href":"https:\/\/radioparquecde.com\/index.php\/wp-json\/wp\/v2\/media\/11785"}],"wp:attachment":[{"href":"https:\/\/radioparquecde.com\/index.php\/wp-json\/wp\/v2\/media?parent=11782"}],"wp:term":[{"taxonomy":"category","embeddable":true,"href":"https:\/\/radioparquecde.com\/index.php\/wp-json\/wp\/v2\/categories?post=11782"},{"taxonomy":"post_tag","embeddable":true,"href":"https:\/\/radioparquecde.com\/index.php\/wp-json\/wp\/v2\/tags?post=11782"}],"curies":[{"name":"wp","href":"https:\/\/api.w.org\/{rel}","templated":true}]}}