{"id":11804,"date":"2023-06-27T08:08:11","date_gmt":"2023-06-27T12:08:11","guid":{"rendered":"https:\/\/radioparquecde.com\/?p=11804"},"modified":"2023-06-27T08:08:12","modified_gmt":"2023-06-27T12:08:12","slug":"joven-fue-herido-en-asalto","status":"publish","type":"post","link":"https:\/\/radioparquecde.com\/index.php\/2023\/06\/27\/joven-fue-herido-en-asalto\/","title":{"rendered":"Joven fue herido en asalto"},"content":{"rendered":"\n<p>En la madrugada de este martes, se produjo un hecho de asalto y herida de arma de fuego en la avenida San Jos\u00e9 casi Jos\u00e9 Mart\u00ed, en el barrio Ciudad Nueva de Ciudad del Este.<\/p>\n\n\n\n<p>La v\u00edctima result\u00f3 ser WILLIAN GASTON TRULLS RODR\u00cdGUEZ, de 18 a\u00f1os de edad, quien estaba en compa\u00f1\u00eda de su pareja EVELYN LUJAN ROBLEDO RIQUELME, de 20 a\u00f1os de edad.<\/p>\n\n\n\n<figure class=\"wp-block-image size-large\"><img loading=\"lazy\" decoding=\"async\" width=\"547\" height=\"1024\" src=\"https:\/\/radioparquecde.com\/wp-content\/uploads\/2023\/06\/herido-de-bala-547x1024.jpg\" alt=\"\" class=\"wp-image-11806\" srcset=\"https:\/\/radioparquecde.com\/wp-content\/uploads\/2023\/06\/herido-de-bala-547x1024.jpg 547w, https:\/\/radioparquecde.com\/wp-content\/uploads\/2023\/06\/herido-de-bala-160x300.jpg 160w, https:\/\/radioparquecde.com\/wp-content\/uploads\/2023\/06\/herido-de-bala-768x1438.jpg 768w, https:\/\/radioparquecde.com\/wp-content\/uploads\/2023\/06\/herido-de-bala-820x1536.jpg 820w, https:\/\/radioparquecde.com\/wp-content\/uploads\/2023\/06\/herido-de-bala.jpg 854w\" sizes=\"auto, (max-width: 547px) 100vw, 547px\" \/><\/figure>\n\n\n\n<p>Los referidos se dispon\u00edan para cruzar la ruta cuando fueron interceptados por motochorros, quienes despojaron a la mujer de su tel\u00e9fono celular Huawei Y7, mientras que se produjo un forcejeo&nbsp; con el hombre a quien quisieron sacarle la mochila, momento en que los malvivientes realizaron un disparo, hiri\u00e9ndolo en el t\u00f3rax.<\/p>\n\n\n\n<p>Trulls Rodr\u00edguez fue derivado al Hospital de Traumas, donde qued\u00f3 hospitalizado.<\/p>\n\n\n\n<p>El hecho se comunic\u00f3 a la fiscal de turno, Abogada Carolina Rosa Gadea.<\/p>\n","protected":false},"excerpt":{"rendered":"<p>En la madrugada de este martes, se produjo un hecho de asalto y herida de&#8230;<\/p>\n","protected":false},"author":3,"featured_media":11808,"comment_status":"closed","ping_status":"closed","sticky":false,"template":"","format":"standard","meta":{"footnotes":""},"categories":[48,6],"tags":[],"class_list":["post-11804","post","type-post","status-publish","format-standard","has-post-thumbnail","hentry","category-alto-parana","category-noticias"],"featured_image_urls":{"full":["https:\/\/radioparquecde.com\/wp-content\/uploads\/2023\/06\/herido-de-bala-2.jpg",854,1599,false],"thumbnail":["https:\/\/radioparquecde.com\/wp-content\/uploads\/2023\/06\/herido-de-bala-2-150x150.jpg",150,150,true],"medium":["https:\/\/radioparquecde.com\/wp-content\/uploads\/2023\/06\/herido-de-bala-2-160x300.jpg",160,300,true],"medium_large":["https:\/\/radioparquecde.com\/wp-content\/uploads\/2023\/06\/herido-de-bala-2-768x1438.jpg",640,1198,true],"large":["https:\/\/radioparquecde.com\/wp-content\/uploads\/2023\/06\/herido-de-bala-2-547x1024.jpg",547,1024,true],"1536x1536":["https:\/\/radioparquecde.com\/wp-content\/uploads\/2023\/06\/herido-de-bala-2-820x1536.jpg",820,1536,true],"2048x2048":["https:\/\/radioparquecde.com\/wp-content\/uploads\/2023\/06\/herido-de-bala-2.jpg",854,1599,false],"newsphere-slider-full":["https:\/\/radioparquecde.com\/wp-content\/uploads\/2023\/06\/herido-de-bala-2-854x720.jpg",854,720,true],"newsphere-featured":["https:\/\/radioparquecde.com\/wp-content\/uploads\/2023\/06\/herido-de-bala-2.jpg",854,1599,false],"newsphere-medium":["https:\/\/radioparquecde.com\/wp-content\/uploads\/2023\/06\/herido-de-bala-2-720x380.jpg",720,380,true]},"author_info":{"display_name":"Editor","author_link":"https:\/\/radioparquecde.com\/index.php\/author\/editor\/"},"category_info":"<a href=\"https:\/\/radioparquecde.com\/index.php\/category\/alto-parana\/\" rel=\"category tag\">ALTO PARAN\u00c1<\/a> <a href=\"https:\/\/radioparquecde.com\/index.php\/category\/noticias\/\" rel=\"category tag\">Noticias<\/a>","tag_info":"Noticias","comment_count":"0","_links":{"self":[{"href":"https:\/\/radioparquecde.com\/index.php\/wp-json\/wp\/v2\/posts\/11804","targetHints":{"allow":["GET"]}}],"collection":[{"href":"https:\/\/radioparquecde.com\/index.php\/wp-json\/wp\/v2\/posts"}],"about":[{"href":"https:\/\/radioparquecde.com\/index.php\/wp-json\/wp\/v2\/types\/post"}],"author":[{"embeddable":true,"href":"https:\/\/radioparquecde.com\/index.php\/wp-json\/wp\/v2\/users\/3"}],"replies":[{"embeddable":true,"href":"https:\/\/radioparquecde.com\/index.php\/wp-json\/wp\/v2\/comments?post=11804"}],"version-history":[{"count":1,"href":"https:\/\/radioparquecde.com\/index.php\/wp-json\/wp\/v2\/posts\/11804\/revisions"}],"predecessor-version":[{"id":11809,"href":"https:\/\/radioparquecde.com\/index.php\/wp-json\/wp\/v2\/posts\/11804\/revisions\/11809"}],"wp:featuredmedia":[{"embeddable":true,"href":"https:\/\/radioparquecde.com\/index.php\/wp-json\/wp\/v2\/media\/11808"}],"wp:attachment":[{"href":"https:\/\/radioparquecde.com\/index.php\/wp-json\/wp\/v2\/media?parent=11804"}],"wp:term":[{"taxonomy":"category","embeddable":true,"href":"https:\/\/radioparquecde.com\/index.php\/wp-json\/wp\/v2\/categories?post=11804"},{"taxonomy":"post_tag","embeddable":true,"href":"https:\/\/radioparquecde.com\/index.php\/wp-json\/wp\/v2\/tags?post=11804"}],"curies":[{"name":"wp","href":"https:\/\/api.w.org\/{rel}","templated":true}]}}