{"id":11819,"date":"2023-06-27T10:43:24","date_gmt":"2023-06-27T14:43:24","guid":{"rendered":"https:\/\/radioparquecde.com\/?p=11819"},"modified":"2023-06-27T10:43:25","modified_gmt":"2023-06-27T14:43:25","slug":"por-segunda-vez-incendian-vehiculos-de-una-playa-de-autos","status":"publish","type":"post","link":"https:\/\/radioparquecde.com\/index.php\/2023\/06\/27\/por-segunda-vez-incendian-vehiculos-de-una-playa-de-autos\/","title":{"rendered":"Por segunda vez incendian veh\u00edculos de una playa de autos"},"content":{"rendered":"\n<p>Un Incendio se registr\u00f3 en el interior de una playa de autos denominado \u00abMULTIAUTOS\u00bb a las 00:15 aproximadamente, en el mencionado local, ubicado sobre la Avda. Monse\u00f1or Rodr\u00edguez casi Blas Garay, Barrio San Isidro, de Ciudad del Este.<\/p>\n\n\n\n<figure class=\"wp-block-image size-large\"><img loading=\"lazy\" decoding=\"async\" width=\"1024\" height=\"768\" src=\"https:\/\/radioparquecde.com\/wp-content\/uploads\/2023\/06\/356428325_741134324682010_1975329375332037563_n-1024x768.jpg\" alt=\"\" class=\"wp-image-11821\" srcset=\"https:\/\/radioparquecde.com\/wp-content\/uploads\/2023\/06\/356428325_741134324682010_1975329375332037563_n-1024x768.jpg 1024w, https:\/\/radioparquecde.com\/wp-content\/uploads\/2023\/06\/356428325_741134324682010_1975329375332037563_n-300x225.jpg 300w, https:\/\/radioparquecde.com\/wp-content\/uploads\/2023\/06\/356428325_741134324682010_1975329375332037563_n-768x576.jpg 768w, https:\/\/radioparquecde.com\/wp-content\/uploads\/2023\/06\/356428325_741134324682010_1975329375332037563_n.jpg 1032w\" sizes=\"auto, (max-width: 1024px) 100vw, 1024px\" \/><\/figure>\n\n\n\n<p>Fueron consumidos por el fuego tres veh\u00edculos, se tratan de Camioneta marca Kia, modelo Sportage, A\u00f1o 2006, color blanco, Chapa Nro. DAG-672 Py., Camioneta marca Mazda, modelo BT-50, <a><\/a>color blanco, A\u00f1o 2015, Chapa Nro. BTO-397 Py y Autom\u00f3vil marca Toyota, modelo Allion, A\u00f1o 2010, color plata, sin chapa; todos ellos propiedad del se\u00f1or NESTOR FABI\u00c1N ACOSTA GARCETE.<\/p>\n\n\n\n<p>Seg\u00fan el informe policial se presume que el incendio habr\u00eda sido provocado intencionalmente por una persona del g\u00e9nero masculino, que se encontraba a pie, seg\u00fan manifestaciones del guardia de seguridad del local.<\/p>\n\n\n\n<p>Se dio participaci\u00f3n al personal del Dpto. de Investigaci\u00f3n de Hechos Punibles.<\/p>\n","protected":false},"excerpt":{"rendered":"<p>Un Incendio se registr\u00f3 en el interior de una playa de autos denominado \u00abMULTIAUTOS\u00bb a&#8230;<\/p>\n","protected":false},"author":3,"featured_media":11822,"comment_status":"closed","ping_status":"closed","sticky":false,"template":"","format":"standard","meta":{"footnotes":""},"categories":[48,6],"tags":[],"class_list":["post-11819","post","type-post","status-publish","format-standard","has-post-thumbnail","hentry","category-alto-parana","category-noticias"],"featured_image_urls":{"full":["https:\/\/radioparquecde.com\/wp-content\/uploads\/2023\/06\/356428325_741134324682010_1975329375332037563_n-1.jpg",1032,774,false],"thumbnail":["https:\/\/radioparquecde.com\/wp-content\/uploads\/2023\/06\/356428325_741134324682010_1975329375332037563_n-1-150x150.jpg",150,150,true],"medium":["https:\/\/radioparquecde.com\/wp-content\/uploads\/2023\/06\/356428325_741134324682010_1975329375332037563_n-1-300x225.jpg",300,225,true],"medium_large":["https:\/\/radioparquecde.com\/wp-content\/uploads\/2023\/06\/356428325_741134324682010_1975329375332037563_n-1-768x576.jpg",640,480,true],"large":["https:\/\/radioparquecde.com\/wp-content\/uploads\/2023\/06\/356428325_741134324682010_1975329375332037563_n-1-1024x768.jpg",640,480,true],"1536x1536":["https:\/\/radioparquecde.com\/wp-content\/uploads\/2023\/06\/356428325_741134324682010_1975329375332037563_n-1.jpg",1032,774,false],"2048x2048":["https:\/\/radioparquecde.com\/wp-content\/uploads\/2023\/06\/356428325_741134324682010_1975329375332037563_n-1.jpg",1032,774,false],"newsphere-slider-full":["https:\/\/radioparquecde.com\/wp-content\/uploads\/2023\/06\/356428325_741134324682010_1975329375332037563_n-1-1032x720.jpg",1032,720,true],"newsphere-featured":["https:\/\/radioparquecde.com\/wp-content\/uploads\/2023\/06\/356428325_741134324682010_1975329375332037563_n-1-1024x768.jpg",1024,768,true],"newsphere-medium":["https:\/\/radioparquecde.com\/wp-content\/uploads\/2023\/06\/356428325_741134324682010_1975329375332037563_n-1-720x380.jpg",720,380,true]},"author_info":{"display_name":"Editor","author_link":"https:\/\/radioparquecde.com\/index.php\/author\/editor\/"},"category_info":"<a href=\"https:\/\/radioparquecde.com\/index.php\/category\/alto-parana\/\" rel=\"category tag\">ALTO PARAN\u00c1<\/a> <a href=\"https:\/\/radioparquecde.com\/index.php\/category\/noticias\/\" rel=\"category tag\">Noticias<\/a>","tag_info":"Noticias","comment_count":"0","_links":{"self":[{"href":"https:\/\/radioparquecde.com\/index.php\/wp-json\/wp\/v2\/posts\/11819","targetHints":{"allow":["GET"]}}],"collection":[{"href":"https:\/\/radioparquecde.com\/index.php\/wp-json\/wp\/v2\/posts"}],"about":[{"href":"https:\/\/radioparquecde.com\/index.php\/wp-json\/wp\/v2\/types\/post"}],"author":[{"embeddable":true,"href":"https:\/\/radioparquecde.com\/index.php\/wp-json\/wp\/v2\/users\/3"}],"replies":[{"embeddable":true,"href":"https:\/\/radioparquecde.com\/index.php\/wp-json\/wp\/v2\/comments?post=11819"}],"version-history":[{"count":1,"href":"https:\/\/radioparquecde.com\/index.php\/wp-json\/wp\/v2\/posts\/11819\/revisions"}],"predecessor-version":[{"id":11823,"href":"https:\/\/radioparquecde.com\/index.php\/wp-json\/wp\/v2\/posts\/11819\/revisions\/11823"}],"wp:featuredmedia":[{"embeddable":true,"href":"https:\/\/radioparquecde.com\/index.php\/wp-json\/wp\/v2\/media\/11822"}],"wp:attachment":[{"href":"https:\/\/radioparquecde.com\/index.php\/wp-json\/wp\/v2\/media?parent=11819"}],"wp:term":[{"taxonomy":"category","embeddable":true,"href":"https:\/\/radioparquecde.com\/index.php\/wp-json\/wp\/v2\/categories?post=11819"},{"taxonomy":"post_tag","embeddable":true,"href":"https:\/\/radioparquecde.com\/index.php\/wp-json\/wp\/v2\/tags?post=11819"}],"curies":[{"name":"wp","href":"https:\/\/api.w.org\/{rel}","templated":true}]}}