{"id":11992,"date":"2023-06-30T14:47:51","date_gmt":"2023-06-30T18:47:51","guid":{"rendered":"https:\/\/radioparquecde.com\/?p=11992"},"modified":"2023-06-30T14:47:52","modified_gmt":"2023-06-30T18:47:52","slug":"el-presidente-electo-santiago-pena-designo-al-ingeniero-rolando-de-barros-barreto-como-el-proximo-ministro-del-ministerio-del-ambiente-y-desarrollo-sostenible-mades","status":"publish","type":"post","link":"https:\/\/radioparquecde.com\/index.php\/2023\/06\/30\/el-presidente-electo-santiago-pena-designo-al-ingeniero-rolando-de-barros-barreto-como-el-proximo-ministro-del-ministerio-del-ambiente-y-desarrollo-sostenible-mades\/","title":{"rendered":"El Presidente electo, Santiago Pe\u00f1a, design\u00f3 al ingeniero Rolando de Barros Barreto como el pr\u00f3ximo Ministro del Ministerio del Ambiente y Desarrollo Sostenible (MADES)."},"content":{"rendered":"\n<p>El Presidente electo, Santiago Pe\u00f1a, design\u00f3 al ingeniero Rolando de Barros Barreto como el pr\u00f3ximo Ministro del Ministerio del Ambiente y Desarrollo Sostenible (MADES).<\/p>\n\n\n\n<p>De Barros, expres\u00f3 en contacto con Radio Uno, que el objetivo durante su gesti\u00f3n ser\u00e1 que los procesos e inversiones nacionales e internacionales, se hagan de manera equilibrada para la proyecci\u00f3n, conservaci\u00f3n y manejo de los recursos naturales, desde la ciencia, investigaci\u00f3n y fortaleza t\u00e9cnica-legal, para posicionar al pa\u00eds en econom\u00eda verde y sostenible.<\/p>\n\n\n\n<figure class=\"wp-block-image size-full\"><img loading=\"lazy\" decoding=\"async\" width=\"935\" height=\"672\" src=\"https:\/\/radioparquecde.com\/wp-content\/uploads\/2023\/06\/357020295_757830679477176_6201367388211837311_n.jpg\" alt=\"\" class=\"wp-image-11994\" srcset=\"https:\/\/radioparquecde.com\/wp-content\/uploads\/2023\/06\/357020295_757830679477176_6201367388211837311_n.jpg 935w, https:\/\/radioparquecde.com\/wp-content\/uploads\/2023\/06\/357020295_757830679477176_6201367388211837311_n-300x216.jpg 300w, https:\/\/radioparquecde.com\/wp-content\/uploads\/2023\/06\/357020295_757830679477176_6201367388211837311_n-768x552.jpg 768w\" sizes=\"auto, (max-width: 935px) 100vw, 935px\" \/><\/figure>\n\n\n\n<p>\u00abEl presidente me encomend\u00f3 posicionar al pa\u00eds en la cartelera mundial. Queremos convertirnos en la soluci\u00f3n y gran actor que atribuye a la acci\u00f3n por el clima. Seremos una potencia forestal en los pr\u00f3ximos 5 a\u00f1os\u00bb, se\u00f1ala.<\/p>\n","protected":false},"excerpt":{"rendered":"<p>El Presidente electo, Santiago Pe\u00f1a, design\u00f3 al ingeniero Rolando de Barros Barreto como el pr\u00f3ximo&#8230;<\/p>\n","protected":false},"author":3,"featured_media":11995,"comment_status":"closed","ping_status":"closed","sticky":false,"template":"","format":"standard","meta":{"footnotes":""},"categories":[2,6],"tags":[],"class_list":["post-11992","post","type-post","status-publish","format-standard","has-post-thumbnail","hentry","category-destacadas","category-noticias"],"featured_image_urls":{"full":["https:\/\/radioparquecde.com\/wp-content\/uploads\/2023\/06\/357020295_757830679477176_6201367388211837311_n-1.jpg",935,672,false],"thumbnail":["https:\/\/radioparquecde.com\/wp-content\/uploads\/2023\/06\/357020295_757830679477176_6201367388211837311_n-1-150x150.jpg",150,150,true],"medium":["https:\/\/radioparquecde.com\/wp-content\/uploads\/2023\/06\/357020295_757830679477176_6201367388211837311_n-1-300x216.jpg",300,216,true],"medium_large":["https:\/\/radioparquecde.com\/wp-content\/uploads\/2023\/06\/357020295_757830679477176_6201367388211837311_n-1-768x552.jpg",640,460,true],"large":["https:\/\/radioparquecde.com\/wp-content\/uploads\/2023\/06\/357020295_757830679477176_6201367388211837311_n-1.jpg",640,460,false],"1536x1536":["https:\/\/radioparquecde.com\/wp-content\/uploads\/2023\/06\/357020295_757830679477176_6201367388211837311_n-1.jpg",935,672,false],"2048x2048":["https:\/\/radioparquecde.com\/wp-content\/uploads\/2023\/06\/357020295_757830679477176_6201367388211837311_n-1.jpg",935,672,false],"newsphere-slider-full":["https:\/\/radioparquecde.com\/wp-content\/uploads\/2023\/06\/357020295_757830679477176_6201367388211837311_n-1.jpg",935,672,false],"newsphere-featured":["https:\/\/radioparquecde.com\/wp-content\/uploads\/2023\/06\/357020295_757830679477176_6201367388211837311_n-1.jpg",935,672,false],"newsphere-medium":["https:\/\/radioparquecde.com\/wp-content\/uploads\/2023\/06\/357020295_757830679477176_6201367388211837311_n-1-720x380.jpg",720,380,true]},"author_info":{"display_name":"Editor","author_link":"https:\/\/radioparquecde.com\/index.php\/author\/editor\/"},"category_info":"<a href=\"https:\/\/radioparquecde.com\/index.php\/category\/noticias\/destacadas\/\" rel=\"category tag\">Destacadas<\/a> <a href=\"https:\/\/radioparquecde.com\/index.php\/category\/noticias\/\" rel=\"category tag\">Noticias<\/a>","tag_info":"Noticias","comment_count":"0","_links":{"self":[{"href":"https:\/\/radioparquecde.com\/index.php\/wp-json\/wp\/v2\/posts\/11992","targetHints":{"allow":["GET"]}}],"collection":[{"href":"https:\/\/radioparquecde.com\/index.php\/wp-json\/wp\/v2\/posts"}],"about":[{"href":"https:\/\/radioparquecde.com\/index.php\/wp-json\/wp\/v2\/types\/post"}],"author":[{"embeddable":true,"href":"https:\/\/radioparquecde.com\/index.php\/wp-json\/wp\/v2\/users\/3"}],"replies":[{"embeddable":true,"href":"https:\/\/radioparquecde.com\/index.php\/wp-json\/wp\/v2\/comments?post=11992"}],"version-history":[{"count":1,"href":"https:\/\/radioparquecde.com\/index.php\/wp-json\/wp\/v2\/posts\/11992\/revisions"}],"predecessor-version":[{"id":11996,"href":"https:\/\/radioparquecde.com\/index.php\/wp-json\/wp\/v2\/posts\/11992\/revisions\/11996"}],"wp:featuredmedia":[{"embeddable":true,"href":"https:\/\/radioparquecde.com\/index.php\/wp-json\/wp\/v2\/media\/11995"}],"wp:attachment":[{"href":"https:\/\/radioparquecde.com\/index.php\/wp-json\/wp\/v2\/media?parent=11992"}],"wp:term":[{"taxonomy":"category","embeddable":true,"href":"https:\/\/radioparquecde.com\/index.php\/wp-json\/wp\/v2\/categories?post=11992"},{"taxonomy":"post_tag","embeddable":true,"href":"https:\/\/radioparquecde.com\/index.php\/wp-json\/wp\/v2\/tags?post=11992"}],"curies":[{"name":"wp","href":"https:\/\/api.w.org\/{rel}","templated":true}]}}