{"id":1201,"date":"2022-04-26T16:56:22","date_gmt":"2022-04-26T20:56:22","guid":{"rendered":"https:\/\/radioparquecde.com\/?p=1201"},"modified":"2022-04-26T16:56:23","modified_gmt":"2022-04-26T20:56:23","slug":"puentesino-hallan-automovil-que-atacantes-de-policias-habrian-usado-para-fuga","status":"publish","type":"post","link":"https:\/\/radioparquecde.com\/index.php\/2022\/04\/26\/puentesino-hallan-automovil-que-atacantes-de-policias-habrian-usado-para-fuga\/","title":{"rendered":"Puentesi\u00f1o: Hallan autom\u00f3vil que atacantes de polic\u00edas habr\u00edan usado para fuga"},"content":{"rendered":"\n<p>Un veh\u00edculo que se presume habr\u00eda sido utilizado por los atacantes de los tres polic\u00edas en Puentesi\u00f1o fue hallado este martes en un camino vecinal de la misma zona.<\/p>\n\n\n\n<p>Agentes del Departamento de Investigaciones de la Polic\u00eda Nacional hallaron este martes en Sargento Jos\u00e9 F\u00e9lix L\u00f3pez, m\u00e1s conocido como Puentesi\u00f1o, Departamento de Concepci\u00f3n, el veh\u00edculo que presuntamente habr\u00eda sido utilizado para la fuga de los criminales que atacaron y asesinaron a los tres polic\u00edas el reciente domingo.<\/p>\n\n\n\n<p>Se trata de un autom\u00f3vil de la marca Volkswagen, modelo Virtus, de color gris, con chapa brasile\u00f1a. El mismo se encontraba abandonado en una v\u00eda p\u00fablica de un camino vecinal de la misma localidad, inform\u00f3 el corresponsal de \u00daltima Hora Justiniano Riveros.<\/p>\n\n\n\n<p>Tras el hallazgo, personal de Automotores comenzaron a trabajar en la verificaci\u00f3n del rodado, el cual en Paraguay no fue reportado como robado ni posee ninguna denuncia.<\/p>\n\n\n\n<figure class=\"wp-block-image size-full\"><img loading=\"lazy\" decoding=\"async\" width=\"737\" height=\"434\" src=\"https:\/\/radioparquecde.com\/wp-content\/uploads\/2022\/04\/capture-20220426-165429.png\" alt=\"\" class=\"wp-image-1203\" srcset=\"https:\/\/radioparquecde.com\/wp-content\/uploads\/2022\/04\/capture-20220426-165429.png 737w, https:\/\/radioparquecde.com\/wp-content\/uploads\/2022\/04\/capture-20220426-165429-300x177.png 300w\" sizes=\"auto, (max-width: 737px) 100vw, 737px\" \/><\/figure>\n\n\n\n<p><\/p>\n","protected":false},"excerpt":{"rendered":"<p>Un veh\u00edculo que se presume habr\u00eda sido utilizado por los atacantes de los tres polic\u00edas&#8230;<\/p>\n","protected":false},"author":3,"featured_media":1204,"comment_status":"closed","ping_status":"closed","sticky":false,"template":"","format":"standard","meta":{"footnotes":""},"categories":[20,6],"tags":[],"class_list":["post-1201","post","type-post","status-publish","format-standard","has-post-thumbnail","hentry","category-nacionales","category-noticias"],"featured_image_urls":{"full":["https:\/\/radioparquecde.com\/wp-content\/uploads\/2022\/04\/capture-20220426-165429-1.png",737,434,false],"thumbnail":["https:\/\/radioparquecde.com\/wp-content\/uploads\/2022\/04\/capture-20220426-165429-1-150x150.png",150,150,true],"medium":["https:\/\/radioparquecde.com\/wp-content\/uploads\/2022\/04\/capture-20220426-165429-1-300x177.png",300,177,true],"medium_large":["https:\/\/radioparquecde.com\/wp-content\/uploads\/2022\/04\/capture-20220426-165429-1.png",640,377,false],"large":["https:\/\/radioparquecde.com\/wp-content\/uploads\/2022\/04\/capture-20220426-165429-1.png",640,377,false],"1536x1536":["https:\/\/radioparquecde.com\/wp-content\/uploads\/2022\/04\/capture-20220426-165429-1.png",737,434,false],"2048x2048":["https:\/\/radioparquecde.com\/wp-content\/uploads\/2022\/04\/capture-20220426-165429-1.png",737,434,false],"newsphere-slider-full":["https:\/\/radioparquecde.com\/wp-content\/uploads\/2022\/04\/capture-20220426-165429-1.png",737,434,false],"newsphere-featured":["https:\/\/radioparquecde.com\/wp-content\/uploads\/2022\/04\/capture-20220426-165429-1.png",737,434,false],"newsphere-medium":["https:\/\/radioparquecde.com\/wp-content\/uploads\/2022\/04\/capture-20220426-165429-1-720x380.png",720,380,true]},"author_info":{"display_name":"Editor","author_link":"https:\/\/radioparquecde.com\/index.php\/author\/editor\/"},"category_info":"<a href=\"https:\/\/radioparquecde.com\/index.php\/category\/noticias\/nacionales\/\" rel=\"category tag\">Nacionales<\/a> <a href=\"https:\/\/radioparquecde.com\/index.php\/category\/noticias\/\" rel=\"category tag\">Noticias<\/a>","tag_info":"Noticias","comment_count":"0","_links":{"self":[{"href":"https:\/\/radioparquecde.com\/index.php\/wp-json\/wp\/v2\/posts\/1201","targetHints":{"allow":["GET"]}}],"collection":[{"href":"https:\/\/radioparquecde.com\/index.php\/wp-json\/wp\/v2\/posts"}],"about":[{"href":"https:\/\/radioparquecde.com\/index.php\/wp-json\/wp\/v2\/types\/post"}],"author":[{"embeddable":true,"href":"https:\/\/radioparquecde.com\/index.php\/wp-json\/wp\/v2\/users\/3"}],"replies":[{"embeddable":true,"href":"https:\/\/radioparquecde.com\/index.php\/wp-json\/wp\/v2\/comments?post=1201"}],"version-history":[{"count":1,"href":"https:\/\/radioparquecde.com\/index.php\/wp-json\/wp\/v2\/posts\/1201\/revisions"}],"predecessor-version":[{"id":1205,"href":"https:\/\/radioparquecde.com\/index.php\/wp-json\/wp\/v2\/posts\/1201\/revisions\/1205"}],"wp:featuredmedia":[{"embeddable":true,"href":"https:\/\/radioparquecde.com\/index.php\/wp-json\/wp\/v2\/media\/1204"}],"wp:attachment":[{"href":"https:\/\/radioparquecde.com\/index.php\/wp-json\/wp\/v2\/media?parent=1201"}],"wp:term":[{"taxonomy":"category","embeddable":true,"href":"https:\/\/radioparquecde.com\/index.php\/wp-json\/wp\/v2\/categories?post=1201"},{"taxonomy":"post_tag","embeddable":true,"href":"https:\/\/radioparquecde.com\/index.php\/wp-json\/wp\/v2\/tags?post=1201"}],"curies":[{"name":"wp","href":"https:\/\/api.w.org\/{rel}","templated":true}]}}