{"id":12081,"date":"2025-06-03T08:29:09","date_gmt":"2025-06-03T11:29:09","guid":{"rendered":"https:\/\/radioparquecde.com\/?p=12081"},"modified":"2025-06-03T08:29:19","modified_gmt":"2025-06-03T11:29:19","slug":"hospital-de-cde-atendio-1200-consultas-por-cuadros-respiratorios-en-mayo","status":"publish","type":"post","link":"https:\/\/radioparquecde.com\/index.php\/2025\/06\/03\/hospital-de-cde-atendio-1200-consultas-por-cuadros-respiratorios-en-mayo\/","title":{"rendered":"Hospital de CDE atendi\u00f3 1200 consultas por cuadros respiratorios en mayo"},"content":{"rendered":"\n<p>La Dra. Kathia Ayala, directora del Hospital Regional de Ciudad del Este, confirm\u00f3 que durante el mes de mayo se registraron un total de 1.200 consultas por cuadros respiratorios, 400 m\u00e1s que lo registrado en el mes de abril.<\/p>\n\n\n\n<p>Entre los casos se destacan las influenzas, COVID, neumon\u00edas y resfriados comunes, seg\u00fan dijo la titular del centro asistencial de cabecera del Alto Paran\u00e1.<\/p>\n\n\n\n<p>La m\u00e9dica cont\u00f3 que son a la fecha los internados son 12 ni\u00f1os y 10 adultos. En tanto, en UTI hay 4 ni\u00f1os debido a cuadros respiratorios.<\/p>\n\n\n\n<p>La directora lament\u00f3 que el \u00edndice de vacunaci\u00f3n sea baj\u00edsimo, pudiendo mediante la vacuna evitarse los cuadros graves de la enfermedad.<\/p>\n\n\n\n<p>La Dra. Ayala inst\u00f3 a la vacunaci\u00f3n y record\u00f3 que los meses m\u00e1s duros en cuanto al fr\u00edo son junio y julio.<\/p>\n\n\n\n<figure class=\"wp-block-image size-large\"><img loading=\"lazy\" decoding=\"async\" width=\"1024\" height=\"576\" src=\"https:\/\/radioparquecde.com\/wp-content\/uploads\/2025\/06\/respiratorios-1536x864-1-1024x576.jpeg\" alt=\"\" class=\"wp-image-12082\" srcset=\"https:\/\/radioparquecde.com\/wp-content\/uploads\/2025\/06\/respiratorios-1536x864-1-1024x576.jpeg 1024w, https:\/\/radioparquecde.com\/wp-content\/uploads\/2025\/06\/respiratorios-1536x864-1-300x169.jpeg 300w, https:\/\/radioparquecde.com\/wp-content\/uploads\/2025\/06\/respiratorios-1536x864-1-768x432.jpeg 768w, https:\/\/radioparquecde.com\/wp-content\/uploads\/2025\/06\/respiratorios-1536x864-1-1280x720.jpeg 1280w, https:\/\/radioparquecde.com\/wp-content\/uploads\/2025\/06\/respiratorios-1536x864-1.jpeg 1536w\" sizes=\"auto, (max-width: 1024px) 100vw, 1024px\" \/><\/figure>\n","protected":false},"excerpt":{"rendered":"<p>La Dra. Kathia Ayala, directora del Hospital Regional de Ciudad del Este, confirm\u00f3 que durante&#8230;<\/p>\n","protected":false},"author":3,"featured_media":12082,"comment_status":"closed","ping_status":"closed","sticky":false,"template":"","format":"standard","meta":{"footnotes":""},"categories":[48,6,16],"tags":[],"class_list":["post-12081","post","type-post","status-publish","format-standard","has-post-thumbnail","hentry","category-alto-parana","category-noticias","category-salud"],"featured_image_urls":{"full":["https:\/\/radioparquecde.com\/wp-content\/uploads\/2025\/06\/respiratorios-1536x864-1.jpeg",1536,864,false],"thumbnail":["https:\/\/radioparquecde.com\/wp-content\/uploads\/2025\/06\/respiratorios-1536x864-1-150x150.jpeg",150,150,true],"medium":["https:\/\/radioparquecde.com\/wp-content\/uploads\/2025\/06\/respiratorios-1536x864-1-300x169.jpeg",300,169,true],"medium_large":["https:\/\/radioparquecde.com\/wp-content\/uploads\/2025\/06\/respiratorios-1536x864-1-768x432.jpeg",640,360,true],"large":["https:\/\/radioparquecde.com\/wp-content\/uploads\/2025\/06\/respiratorios-1536x864-1-1024x576.jpeg",640,360,true],"1536x1536":["https:\/\/radioparquecde.com\/wp-content\/uploads\/2025\/06\/respiratorios-1536x864-1.jpeg",1536,864,false],"2048x2048":["https:\/\/radioparquecde.com\/wp-content\/uploads\/2025\/06\/respiratorios-1536x864-1.jpeg",1536,864,false],"newsphere-slider-full":["https:\/\/radioparquecde.com\/wp-content\/uploads\/2025\/06\/respiratorios-1536x864-1-1280x720.jpeg",1280,720,true],"newsphere-featured":["https:\/\/radioparquecde.com\/wp-content\/uploads\/2025\/06\/respiratorios-1536x864-1-1024x576.jpeg",1024,576,true],"newsphere-medium":["https:\/\/radioparquecde.com\/wp-content\/uploads\/2025\/06\/respiratorios-1536x864-1-720x380.jpeg",720,380,true]},"author_info":{"display_name":"Editor","author_link":"https:\/\/radioparquecde.com\/index.php\/author\/editor\/"},"category_info":"<a href=\"https:\/\/radioparquecde.com\/index.php\/category\/alto-parana\/\" rel=\"category tag\">ALTO PARAN\u00c1<\/a> <a href=\"https:\/\/radioparquecde.com\/index.php\/category\/noticias\/\" rel=\"category tag\">Noticias<\/a> <a href=\"https:\/\/radioparquecde.com\/index.php\/category\/noticias\/salud\/\" rel=\"category tag\">Salud<\/a>","tag_info":"Salud","comment_count":"0","_links":{"self":[{"href":"https:\/\/radioparquecde.com\/index.php\/wp-json\/wp\/v2\/posts\/12081","targetHints":{"allow":["GET"]}}],"collection":[{"href":"https:\/\/radioparquecde.com\/index.php\/wp-json\/wp\/v2\/posts"}],"about":[{"href":"https:\/\/radioparquecde.com\/index.php\/wp-json\/wp\/v2\/types\/post"}],"author":[{"embeddable":true,"href":"https:\/\/radioparquecde.com\/index.php\/wp-json\/wp\/v2\/users\/3"}],"replies":[{"embeddable":true,"href":"https:\/\/radioparquecde.com\/index.php\/wp-json\/wp\/v2\/comments?post=12081"}],"version-history":[{"count":1,"href":"https:\/\/radioparquecde.com\/index.php\/wp-json\/wp\/v2\/posts\/12081\/revisions"}],"predecessor-version":[{"id":12083,"href":"https:\/\/radioparquecde.com\/index.php\/wp-json\/wp\/v2\/posts\/12081\/revisions\/12083"}],"wp:featuredmedia":[{"embeddable":true,"href":"https:\/\/radioparquecde.com\/index.php\/wp-json\/wp\/v2\/media\/12082"}],"wp:attachment":[{"href":"https:\/\/radioparquecde.com\/index.php\/wp-json\/wp\/v2\/media?parent=12081"}],"wp:term":[{"taxonomy":"category","embeddable":true,"href":"https:\/\/radioparquecde.com\/index.php\/wp-json\/wp\/v2\/categories?post=12081"},{"taxonomy":"post_tag","embeddable":true,"href":"https:\/\/radioparquecde.com\/index.php\/wp-json\/wp\/v2\/tags?post=12081"}],"curies":[{"name":"wp","href":"https:\/\/api.w.org\/{rel}","templated":true}]}}