{"id":12088,"date":"2025-06-05T10:22:29","date_gmt":"2025-06-05T13:22:29","guid":{"rendered":"https:\/\/radioparquecde.com\/?p=12088"},"modified":"2025-06-05T10:22:31","modified_gmt":"2025-06-05T13:22:31","slug":"aguayo-lanza-remix-de-san-jose-y-se-consolida-como-promesa-del-genero-urbano","status":"publish","type":"post","link":"https:\/\/radioparquecde.com\/index.php\/2025\/06\/05\/aguayo-lanza-remix-de-san-jose-y-se-consolida-como-promesa-del-genero-urbano\/","title":{"rendered":"Aguayo lanza remix de \u201cSan Jos\u00e9\u201d y se consolida como promesa del g\u00e9nero urbano"},"content":{"rendered":"\n<p><em>Con solo 21 a\u00f1os, el artista encarnaceno reafirma su proyecci\u00f3n en la escena musical paraguaya tras reunir a destacados exponentes emergentes en una colaboraci\u00f3n de alto nivel.<\/em><\/p>\n\n\n\n<figure class=\"wp-block-embed is-type-video is-provider-youtube wp-block-embed-youtube wp-embed-aspect-16-9 wp-has-aspect-ratio\"><div class=\"wp-block-embed__wrapper\">\n<iframe loading=\"lazy\" title=\"Aguayo, Elias GLZ, Joaquinoloco, Lylo D, Vandder &amp; Didac Torres - SAN JOS\u00c9 (Remix) [Video Oficial]\" width=\"640\" height=\"360\" src=\"https:\/\/www.youtube.com\/embed\/8jpz4tRyMfw?feature=oembed\" frameborder=\"0\" allow=\"accelerometer; autoplay; clipboard-write; encrypted-media; gyroscope; picture-in-picture; web-share\" referrerpolicy=\"strict-origin-when-cross-origin\" allowfullscreen><\/iframe>\n<\/div><\/figure>\n\n\n\n<p>El joven cantante y compositor Aguayo, de tan solo 21 a\u00f1os, contin\u00faa ganando terreno en el g\u00e9nero urbano nacional. Tras el lanzamiento de su primer sencillo <strong>\u201cSan Jos\u00e9\u201d<\/strong> en noviembre de 2024, este 4 de junio de 2025 present\u00f3 el remix del tema, acompa\u00f1ado de referentes de la nueva generaci\u00f3n musical del pa\u00eds. La nueva versi\u00f3n cuenta con la participaci\u00f3n de El\u00edas GLZ, Joaquinoloco, Lylo D, Didac Torres y Vandder. En pocas horas, el \u201cSan Jos\u00e9 Remix\u201d gener\u00f3 gran repercusi\u00f3n en redes sociales y plataformas digitales, destac\u00e1ndose por su calidad sonora y la fuerza interpretativa de sus protagonistas<\/p>\n\n\n\n<p>Desde su irrupci\u00f3n en la escena, Aguayo sorprendi\u00f3 al p\u00fablico con un estilo fresco, letras bien trabajadas y una identidad art\u00edstica definida. Su propuesta r\u00e1pidamente capt\u00f3 la atenci\u00f3n tanto de oyentes como de colegas del rubro. Lejos de conformarse con el \u00e9xito inicial, el artista encarnaceno ya trabaja en nuevos proyectos y se perfila como uno de los nombres con mayor proyecci\u00f3n en el ambiente urbano local. Su autenticidad, compromiso y visi\u00f3n a futuro lo colocan como una figura a seguir.<\/p>\n\n\n\n<p>En un contexto donde surgen cada vez m\u00e1s talentos j\u00f3venes, el caso de Aguayo confirma la necesidad de brindar mayor visibilidad y apoyo a quienes apuestan por crecer desde la pasi\u00f3n y el arte. Su historia reci\u00e9n comienza, pero promete llegar lejos. En un pa\u00eds donde el talento joven brota con fuerza, es fundamental abrir espacios y visibilizar a los artistas emergentes. La m\u00fasica urbana paraguaya vive un momento clave, y depende del p\u00fablico, los medios y las instituciones culturales impulsar a quienes est\u00e1n construyendo el sonido de una nueva generaci\u00f3n. Apostar por ellos no es solo apoyar una carrera: es apostar por el arte, la identidad y el futuro de la cultura nacional. <\/p>\n\n\n\n<p><\/p>\n","protected":false},"excerpt":{"rendered":"<p>Con solo 21 a\u00f1os, el artista encarnaceno reafirma su proyecci\u00f3n en la escena musical paraguaya&#8230;<\/p>\n","protected":false},"author":3,"featured_media":0,"comment_status":"closed","ping_status":"closed","sticky":false,"template":"","format":"standard","meta":{"footnotes":""},"categories":[50],"tags":[],"class_list":["post-12088","post","type-post","status-publish","format-standard","hentry","category-cultura"],"featured_image_urls":{"full":"","thumbnail":"","medium":"","medium_large":"","large":"","1536x1536":"","2048x2048":"","newsphere-slider-full":"","newsphere-featured":"","newsphere-medium":""},"author_info":{"display_name":"Editor","author_link":"https:\/\/radioparquecde.com\/index.php\/author\/editor\/"},"category_info":"<a href=\"https:\/\/radioparquecde.com\/index.php\/category\/cultura\/\" rel=\"category tag\">Cultura<\/a>","tag_info":"Cultura","comment_count":"0","_links":{"self":[{"href":"https:\/\/radioparquecde.com\/index.php\/wp-json\/wp\/v2\/posts\/12088","targetHints":{"allow":["GET"]}}],"collection":[{"href":"https:\/\/radioparquecde.com\/index.php\/wp-json\/wp\/v2\/posts"}],"about":[{"href":"https:\/\/radioparquecde.com\/index.php\/wp-json\/wp\/v2\/types\/post"}],"author":[{"embeddable":true,"href":"https:\/\/radioparquecde.com\/index.php\/wp-json\/wp\/v2\/users\/3"}],"replies":[{"embeddable":true,"href":"https:\/\/radioparquecde.com\/index.php\/wp-json\/wp\/v2\/comments?post=12088"}],"version-history":[{"count":1,"href":"https:\/\/radioparquecde.com\/index.php\/wp-json\/wp\/v2\/posts\/12088\/revisions"}],"predecessor-version":[{"id":12090,"href":"https:\/\/radioparquecde.com\/index.php\/wp-json\/wp\/v2\/posts\/12088\/revisions\/12090"}],"wp:attachment":[{"href":"https:\/\/radioparquecde.com\/index.php\/wp-json\/wp\/v2\/media?parent=12088"}],"wp:term":[{"taxonomy":"category","embeddable":true,"href":"https:\/\/radioparquecde.com\/index.php\/wp-json\/wp\/v2\/categories?post=12088"},{"taxonomy":"post_tag","embeddable":true,"href":"https:\/\/radioparquecde.com\/index.php\/wp-json\/wp\/v2\/tags?post=12088"}],"curies":[{"name":"wp","href":"https:\/\/api.w.org\/{rel}","templated":true}]}}