{"id":12098,"date":"2025-09-08T07:07:32","date_gmt":"2025-09-08T10:07:32","guid":{"rendered":"https:\/\/radioparquecde.com\/?p=12098"},"modified":"2025-09-08T07:07:33","modified_gmt":"2025-09-08T10:07:33","slug":"vivienda-se-incendia-en-hernandarias","status":"publish","type":"post","link":"https:\/\/radioparquecde.com\/index.php\/2025\/09\/08\/vivienda-se-incendia-en-hernandarias\/","title":{"rendered":"Vivienda se incendia en Hernandarias"},"content":{"rendered":"\n<p>Una residencia ardi\u00f3 en llamas en la noche del domingo, a las 23:10 horas, en el barrio Juan Pablo Segundo de Hernandarias.<\/p>\n\n\n\n<p>Se trata del inmueble, propiedad de UWE PETER BORCHAKARDT, de 67 a\u00f1os, quien cont\u00f3 que el fuego inici\u00f3 en la habitaci\u00f3n para de all\u00ed expandirse a toda la casa.<\/p>\n\n\n\n<p>Los bomberos voluntarios lograron sofocar las llamas.<\/p>\n\n\n\n<figure class=\"wp-block-image size-large\"><img loading=\"lazy\" decoding=\"async\" width=\"576\" height=\"1024\" src=\"https:\/\/radioparquecde.com\/wp-content\/uploads\/2025\/09\/image-48-576x1024.png\" alt=\"\" class=\"wp-image-12099\" srcset=\"https:\/\/radioparquecde.com\/wp-content\/uploads\/2025\/09\/image-48-576x1024.png 576w, https:\/\/radioparquecde.com\/wp-content\/uploads\/2025\/09\/image-48-169x300.png 169w, https:\/\/radioparquecde.com\/wp-content\/uploads\/2025\/09\/image-48.png 720w\" sizes=\"auto, (max-width: 576px) 100vw, 576px\" \/><\/figure>\n","protected":false},"excerpt":{"rendered":"<p>Una residencia ardi\u00f3 en llamas en la noche del domingo, a las 23:10 horas, en&#8230;<\/p>\n","protected":false},"author":3,"featured_media":12100,"comment_status":"closed","ping_status":"closed","sticky":false,"template":"","format":"standard","meta":{"footnotes":""},"categories":[48,6],"tags":[],"class_list":["post-12098","post","type-post","status-publish","format-standard","has-post-thumbnail","hentry","category-alto-parana","category-noticias"],"featured_image_urls":{"full":["https:\/\/radioparquecde.com\/wp-content\/uploads\/2025\/09\/image-48-1.png",720,1280,false],"thumbnail":["https:\/\/radioparquecde.com\/wp-content\/uploads\/2025\/09\/image-48-1-150x150.png",150,150,true],"medium":["https:\/\/radioparquecde.com\/wp-content\/uploads\/2025\/09\/image-48-1-169x300.png",169,300,true],"medium_large":["https:\/\/radioparquecde.com\/wp-content\/uploads\/2025\/09\/image-48-1.png",640,1138,false],"large":["https:\/\/radioparquecde.com\/wp-content\/uploads\/2025\/09\/image-48-1-576x1024.png",576,1024,true],"1536x1536":["https:\/\/radioparquecde.com\/wp-content\/uploads\/2025\/09\/image-48-1.png",720,1280,false],"2048x2048":["https:\/\/radioparquecde.com\/wp-content\/uploads\/2025\/09\/image-48-1.png",720,1280,false],"newsphere-slider-full":["https:\/\/radioparquecde.com\/wp-content\/uploads\/2025\/09\/image-48-1-720x720.png",720,720,true],"newsphere-featured":["https:\/\/radioparquecde.com\/wp-content\/uploads\/2025\/09\/image-48-1.png",720,1280,false],"newsphere-medium":["https:\/\/radioparquecde.com\/wp-content\/uploads\/2025\/09\/image-48-1-720x380.png",720,380,true]},"author_info":{"display_name":"Editor","author_link":"https:\/\/radioparquecde.com\/index.php\/author\/editor\/"},"category_info":"<a href=\"https:\/\/radioparquecde.com\/index.php\/category\/alto-parana\/\" rel=\"category tag\">ALTO PARAN\u00c1<\/a> <a href=\"https:\/\/radioparquecde.com\/index.php\/category\/noticias\/\" rel=\"category tag\">Noticias<\/a>","tag_info":"Noticias","comment_count":"0","_links":{"self":[{"href":"https:\/\/radioparquecde.com\/index.php\/wp-json\/wp\/v2\/posts\/12098","targetHints":{"allow":["GET"]}}],"collection":[{"href":"https:\/\/radioparquecde.com\/index.php\/wp-json\/wp\/v2\/posts"}],"about":[{"href":"https:\/\/radioparquecde.com\/index.php\/wp-json\/wp\/v2\/types\/post"}],"author":[{"embeddable":true,"href":"https:\/\/radioparquecde.com\/index.php\/wp-json\/wp\/v2\/users\/3"}],"replies":[{"embeddable":true,"href":"https:\/\/radioparquecde.com\/index.php\/wp-json\/wp\/v2\/comments?post=12098"}],"version-history":[{"count":1,"href":"https:\/\/radioparquecde.com\/index.php\/wp-json\/wp\/v2\/posts\/12098\/revisions"}],"predecessor-version":[{"id":12101,"href":"https:\/\/radioparquecde.com\/index.php\/wp-json\/wp\/v2\/posts\/12098\/revisions\/12101"}],"wp:featuredmedia":[{"embeddable":true,"href":"https:\/\/radioparquecde.com\/index.php\/wp-json\/wp\/v2\/media\/12100"}],"wp:attachment":[{"href":"https:\/\/radioparquecde.com\/index.php\/wp-json\/wp\/v2\/media?parent=12098"}],"wp:term":[{"taxonomy":"category","embeddable":true,"href":"https:\/\/radioparquecde.com\/index.php\/wp-json\/wp\/v2\/categories?post=12098"},{"taxonomy":"post_tag","embeddable":true,"href":"https:\/\/radioparquecde.com\/index.php\/wp-json\/wp\/v2\/tags?post=12098"}],"curies":[{"name":"wp","href":"https:\/\/api.w.org\/{rel}","templated":true}]}}