{"id":12102,"date":"2025-09-08T07:10:12","date_gmt":"2025-09-08T10:10:12","guid":{"rendered":"https:\/\/radioparquecde.com\/?p=12102"},"modified":"2025-09-08T07:10:14","modified_gmt":"2025-09-08T10:10:14","slug":"muere-una-nina-de-cuatro-anos-en-accidente-de-transito-en-pedro-juan-caballero","status":"publish","type":"post","link":"https:\/\/radioparquecde.com\/index.php\/2025\/09\/08\/muere-una-nina-de-cuatro-anos-en-accidente-de-transito-en-pedro-juan-caballero\/","title":{"rendered":"Muere una ni\u00f1a de cuatro a\u00f1os en accidente de tr\u00e1nsito en Pedro Juan Caballero"},"content":{"rendered":"\n<p>Una ni\u00f1a de cuatro a\u00f1os falleci\u00f3 tr\u00e1gicamente en un accidente de tr\u00e1nsito ocurrido en la noche de este domingo (7), frente a la Penitenciar\u00eda Regional de Pedro Juan Caballero. La menor, que viajaba en una motocicleta con su familia, no resisti\u00f3 a las graves lesiones sufridas en el impacto.<\/p>\n\n\n\n<p>Seg\u00fan los reportes, en la motocicleta se transportaban cuatro personas: la ni\u00f1a de cuatro a\u00f1os, su hermana de dos y sus padres. Tras el accidente, la ni\u00f1a fue trasladada de inmediato al Centro de Especialidades Juan Pablo II, donde lamentablemente se confirm\u00f3 su fallecimiento. Sus padres, con pron\u00f3stico reservado, fueron derivados al Hospital Regional, mientras que la ni\u00f1a de dos a\u00f1os fue dada de alta y llevada a su domicilio.<\/p>\n\n\n\n<p>El accidente, que involucr\u00f3 a un autom\u00f3vil, ocurri\u00f3 cuando la motocicleta, seg\u00fan la versi\u00f3n del conductor del auto, circulaba en contramano. En un intento por evitar una colisi\u00f3n frontal, el conductor del autom\u00f3vil intent\u00f3 esquivar la motocicleta, pero el roce fue suficiente para que los ocupantes del biciclo cayeran al pavimento, causando las fatales consecuencias.<\/p>\n\n\n\n<figure class=\"wp-block-image size-large\"><img loading=\"lazy\" decoding=\"async\" width=\"1024\" height=\"1024\" src=\"https:\/\/radioparquecde.com\/wp-content\/uploads\/2025\/09\/543814475_17945510913041813_4955257206870999235_n-1024x1024.jpg\" alt=\"\" class=\"wp-image-12103\" srcset=\"https:\/\/radioparquecde.com\/wp-content\/uploads\/2025\/09\/543814475_17945510913041813_4955257206870999235_n-1024x1024.jpg 1024w, https:\/\/radioparquecde.com\/wp-content\/uploads\/2025\/09\/543814475_17945510913041813_4955257206870999235_n-300x300.jpg 300w, https:\/\/radioparquecde.com\/wp-content\/uploads\/2025\/09\/543814475_17945510913041813_4955257206870999235_n-150x150.jpg 150w, https:\/\/radioparquecde.com\/wp-content\/uploads\/2025\/09\/543814475_17945510913041813_4955257206870999235_n-768x768.jpg 768w, https:\/\/radioparquecde.com\/wp-content\/uploads\/2025\/09\/543814475_17945510913041813_4955257206870999235_n.jpg 1440w\" sizes=\"auto, (max-width: 1024px) 100vw, 1024px\" \/><\/figure>\n","protected":false},"excerpt":{"rendered":"<p>Una ni\u00f1a de cuatro a\u00f1os falleci\u00f3 tr\u00e1gicamente en un accidente de tr\u00e1nsito ocurrido en la&#8230;<\/p>\n","protected":false},"author":3,"featured_media":12103,"comment_status":"closed","ping_status":"closed","sticky":false,"template":"","format":"standard","meta":{"footnotes":""},"categories":[2,6],"tags":[],"class_list":["post-12102","post","type-post","status-publish","format-standard","has-post-thumbnail","hentry","category-destacadas","category-noticias"],"featured_image_urls":{"full":["https:\/\/radioparquecde.com\/wp-content\/uploads\/2025\/09\/543814475_17945510913041813_4955257206870999235_n.jpg",1440,1440,false],"thumbnail":["https:\/\/radioparquecde.com\/wp-content\/uploads\/2025\/09\/543814475_17945510913041813_4955257206870999235_n-150x150.jpg",150,150,true],"medium":["https:\/\/radioparquecde.com\/wp-content\/uploads\/2025\/09\/543814475_17945510913041813_4955257206870999235_n-300x300.jpg",300,300,true],"medium_large":["https:\/\/radioparquecde.com\/wp-content\/uploads\/2025\/09\/543814475_17945510913041813_4955257206870999235_n-768x768.jpg",640,640,true],"large":["https:\/\/radioparquecde.com\/wp-content\/uploads\/2025\/09\/543814475_17945510913041813_4955257206870999235_n-1024x1024.jpg",640,640,true],"1536x1536":["https:\/\/radioparquecde.com\/wp-content\/uploads\/2025\/09\/543814475_17945510913041813_4955257206870999235_n.jpg",1440,1440,false],"2048x2048":["https:\/\/radioparquecde.com\/wp-content\/uploads\/2025\/09\/543814475_17945510913041813_4955257206870999235_n.jpg",1440,1440,false],"newsphere-slider-full":["https:\/\/radioparquecde.com\/wp-content\/uploads\/2025\/09\/543814475_17945510913041813_4955257206870999235_n-1280x720.jpg",1280,720,true],"newsphere-featured":["https:\/\/radioparquecde.com\/wp-content\/uploads\/2025\/09\/543814475_17945510913041813_4955257206870999235_n-1024x1024.jpg",1024,1024,true],"newsphere-medium":["https:\/\/radioparquecde.com\/wp-content\/uploads\/2025\/09\/543814475_17945510913041813_4955257206870999235_n-720x380.jpg",720,380,true]},"author_info":{"display_name":"Editor","author_link":"https:\/\/radioparquecde.com\/index.php\/author\/editor\/"},"category_info":"<a href=\"https:\/\/radioparquecde.com\/index.php\/category\/noticias\/destacadas\/\" rel=\"category tag\">Destacadas<\/a> <a href=\"https:\/\/radioparquecde.com\/index.php\/category\/noticias\/\" rel=\"category tag\">Noticias<\/a>","tag_info":"Noticias","comment_count":"0","_links":{"self":[{"href":"https:\/\/radioparquecde.com\/index.php\/wp-json\/wp\/v2\/posts\/12102","targetHints":{"allow":["GET"]}}],"collection":[{"href":"https:\/\/radioparquecde.com\/index.php\/wp-json\/wp\/v2\/posts"}],"about":[{"href":"https:\/\/radioparquecde.com\/index.php\/wp-json\/wp\/v2\/types\/post"}],"author":[{"embeddable":true,"href":"https:\/\/radioparquecde.com\/index.php\/wp-json\/wp\/v2\/users\/3"}],"replies":[{"embeddable":true,"href":"https:\/\/radioparquecde.com\/index.php\/wp-json\/wp\/v2\/comments?post=12102"}],"version-history":[{"count":1,"href":"https:\/\/radioparquecde.com\/index.php\/wp-json\/wp\/v2\/posts\/12102\/revisions"}],"predecessor-version":[{"id":12104,"href":"https:\/\/radioparquecde.com\/index.php\/wp-json\/wp\/v2\/posts\/12102\/revisions\/12104"}],"wp:featuredmedia":[{"embeddable":true,"href":"https:\/\/radioparquecde.com\/index.php\/wp-json\/wp\/v2\/media\/12103"}],"wp:attachment":[{"href":"https:\/\/radioparquecde.com\/index.php\/wp-json\/wp\/v2\/media?parent=12102"}],"wp:term":[{"taxonomy":"category","embeddable":true,"href":"https:\/\/radioparquecde.com\/index.php\/wp-json\/wp\/v2\/categories?post=12102"},{"taxonomy":"post_tag","embeddable":true,"href":"https:\/\/radioparquecde.com\/index.php\/wp-json\/wp\/v2\/tags?post=12102"}],"curies":[{"name":"wp","href":"https:\/\/api.w.org\/{rel}","templated":true}]}}