{"id":12108,"date":"2025-09-08T07:13:49","date_gmt":"2025-09-08T10:13:49","guid":{"rendered":"https:\/\/radioparquecde.com\/?p=12108"},"modified":"2025-09-08T07:13:51","modified_gmt":"2025-09-08T10:13:51","slug":"vuelco-de-vehiculo-en-barrio-san-rafael-deja-un-herido","status":"publish","type":"post","link":"https:\/\/radioparquecde.com\/index.php\/2025\/09\/08\/vuelco-de-vehiculo-en-barrio-san-rafael-deja-un-herido\/","title":{"rendered":"Vuelco de veh\u00edculo en Barrio San Rafael deja un herido"},"content":{"rendered":"\n<p>Un accidente de tr\u00e1nsito con da\u00f1os materiales se registr\u00f3 en horas de la tarde de este domingo en el Barrio San Rafael, Sector I, detr\u00e1s de la Subcomisar\u00eda 1\u00aa, donde un veh\u00edculo volc\u00f3 aparatosamente, dejando como saldo a una persona herida.<\/p>\n\n\n\n<p>La supuesta conductora fue identificada como Crislaida Marisol Oviedo, de 19 a\u00f1os, domiciliada en el Barrio Ciudad Nueva, quien no contaba con registro de conducir. Seg\u00fan el informe, la joven iba acompa\u00f1ada de Juan Ram\u00f3n Aguinagalde Villalba, tambi\u00e9n de 19 a\u00f1os, residente en el mismo barrio donde ocurri\u00f3 el accidente.<\/p>\n\n\n\n<p>Aguinagalde fue auxiliado por transe\u00fantes antes de la llegada de los agentes, ya que presentaba lesiones en el brazo, mientras que Oviedo permaneci\u00f3 en el lugar y fue entrevistada por los uniformados.<\/p>\n\n\n\n<p>El caso fue comunicado al Ministerio P\u00fablico y la fiscal de turno, abogada Cinthia Leiva, orden\u00f3 la realizaci\u00f3n de la prueba de alcotest a la conductora. El procedimiento contin\u00faa en curso para el esclarecimiento total del hecho.<\/p>\n\n\n\n<figure class=\"wp-block-image size-large\"><img loading=\"lazy\" decoding=\"async\" width=\"576\" height=\"1024\" src=\"https:\/\/radioparquecde.com\/wp-content\/uploads\/2025\/09\/545377395_1340175447682956_336384059075036718_n-576x1024.jpg\" alt=\"\" class=\"wp-image-12109\" srcset=\"https:\/\/radioparquecde.com\/wp-content\/uploads\/2025\/09\/545377395_1340175447682956_336384059075036718_n-576x1024.jpg 576w, https:\/\/radioparquecde.com\/wp-content\/uploads\/2025\/09\/545377395_1340175447682956_336384059075036718_n-169x300.jpg 169w, https:\/\/radioparquecde.com\/wp-content\/uploads\/2025\/09\/545377395_1340175447682956_336384059075036718_n-768x1365.jpg 768w, https:\/\/radioparquecde.com\/wp-content\/uploads\/2025\/09\/545377395_1340175447682956_336384059075036718_n-864x1536.jpg 864w, https:\/\/radioparquecde.com\/wp-content\/uploads\/2025\/09\/545377395_1340175447682956_336384059075036718_n.jpg 900w\" sizes=\"auto, (max-width: 576px) 100vw, 576px\" \/><\/figure>\n","protected":false},"excerpt":{"rendered":"<p>Un accidente de tr\u00e1nsito con da\u00f1os materiales se registr\u00f3 en horas de la tarde de&#8230;<\/p>\n","protected":false},"author":3,"featured_media":12109,"comment_status":"closed","ping_status":"closed","sticky":false,"template":"","format":"standard","meta":{"footnotes":""},"categories":[48,6],"tags":[],"class_list":["post-12108","post","type-post","status-publish","format-standard","has-post-thumbnail","hentry","category-alto-parana","category-noticias"],"featured_image_urls":{"full":["https:\/\/radioparquecde.com\/wp-content\/uploads\/2025\/09\/545377395_1340175447682956_336384059075036718_n.jpg",900,1600,false],"thumbnail":["https:\/\/radioparquecde.com\/wp-content\/uploads\/2025\/09\/545377395_1340175447682956_336384059075036718_n-150x150.jpg",150,150,true],"medium":["https:\/\/radioparquecde.com\/wp-content\/uploads\/2025\/09\/545377395_1340175447682956_336384059075036718_n-169x300.jpg",169,300,true],"medium_large":["https:\/\/radioparquecde.com\/wp-content\/uploads\/2025\/09\/545377395_1340175447682956_336384059075036718_n-768x1365.jpg",640,1138,true],"large":["https:\/\/radioparquecde.com\/wp-content\/uploads\/2025\/09\/545377395_1340175447682956_336384059075036718_n-576x1024.jpg",576,1024,true],"1536x1536":["https:\/\/radioparquecde.com\/wp-content\/uploads\/2025\/09\/545377395_1340175447682956_336384059075036718_n-864x1536.jpg",864,1536,true],"2048x2048":["https:\/\/radioparquecde.com\/wp-content\/uploads\/2025\/09\/545377395_1340175447682956_336384059075036718_n.jpg",900,1600,false],"newsphere-slider-full":["https:\/\/radioparquecde.com\/wp-content\/uploads\/2025\/09\/545377395_1340175447682956_336384059075036718_n-900x720.jpg",900,720,true],"newsphere-featured":["https:\/\/radioparquecde.com\/wp-content\/uploads\/2025\/09\/545377395_1340175447682956_336384059075036718_n.jpg",900,1600,false],"newsphere-medium":["https:\/\/radioparquecde.com\/wp-content\/uploads\/2025\/09\/545377395_1340175447682956_336384059075036718_n-720x380.jpg",720,380,true]},"author_info":{"display_name":"Editor","author_link":"https:\/\/radioparquecde.com\/index.php\/author\/editor\/"},"category_info":"<a href=\"https:\/\/radioparquecde.com\/index.php\/category\/alto-parana\/\" rel=\"category tag\">ALTO PARAN\u00c1<\/a> <a href=\"https:\/\/radioparquecde.com\/index.php\/category\/noticias\/\" rel=\"category tag\">Noticias<\/a>","tag_info":"Noticias","comment_count":"0","_links":{"self":[{"href":"https:\/\/radioparquecde.com\/index.php\/wp-json\/wp\/v2\/posts\/12108","targetHints":{"allow":["GET"]}}],"collection":[{"href":"https:\/\/radioparquecde.com\/index.php\/wp-json\/wp\/v2\/posts"}],"about":[{"href":"https:\/\/radioparquecde.com\/index.php\/wp-json\/wp\/v2\/types\/post"}],"author":[{"embeddable":true,"href":"https:\/\/radioparquecde.com\/index.php\/wp-json\/wp\/v2\/users\/3"}],"replies":[{"embeddable":true,"href":"https:\/\/radioparquecde.com\/index.php\/wp-json\/wp\/v2\/comments?post=12108"}],"version-history":[{"count":1,"href":"https:\/\/radioparquecde.com\/index.php\/wp-json\/wp\/v2\/posts\/12108\/revisions"}],"predecessor-version":[{"id":12110,"href":"https:\/\/radioparquecde.com\/index.php\/wp-json\/wp\/v2\/posts\/12108\/revisions\/12110"}],"wp:featuredmedia":[{"embeddable":true,"href":"https:\/\/radioparquecde.com\/index.php\/wp-json\/wp\/v2\/media\/12109"}],"wp:attachment":[{"href":"https:\/\/radioparquecde.com\/index.php\/wp-json\/wp\/v2\/media?parent=12108"}],"wp:term":[{"taxonomy":"category","embeddable":true,"href":"https:\/\/radioparquecde.com\/index.php\/wp-json\/wp\/v2\/categories?post=12108"},{"taxonomy":"post_tag","embeddable":true,"href":"https:\/\/radioparquecde.com\/index.php\/wp-json\/wp\/v2\/tags?post=12108"}],"curies":[{"name":"wp","href":"https:\/\/api.w.org\/{rel}","templated":true}]}}