{"id":12167,"date":"2026-04-27T08:52:48","date_gmt":"2026-04-27T11:52:48","guid":{"rendered":"https:\/\/radioparquecde.com\/?p=12167"},"modified":"2026-04-27T08:52:49","modified_gmt":"2026-04-27T11:52:49","slug":"tragico-accidente-fallece-el-fiscal-edgar-torales-en-la-zona-de-campo-9","status":"publish","type":"post","link":"https:\/\/radioparquecde.com\/index.php\/2026\/04\/27\/tragico-accidente-fallece-el-fiscal-edgar-torales-en-la-zona-de-campo-9\/","title":{"rendered":"TR\u00c1GICO ACCIDENTE: FALLECE EL FISCAL EDGAR TORALES EN LA ZONA DE CAMPO 9"},"content":{"rendered":"\n<p><img loading=\"lazy\" decoding=\"async\" height=\"16\" width=\"16\" alt=\"\u25fe\" src=\"https:\/\/static.xx.fbcdn.net\/images\/emoji.php\/v9\/t6b\/1\/16\/25fe.png\">En una noticia que ha conmocionado al \u00e1mbito judicial y a la zona este del pa\u00eds, se confirm\u00f3 el fallecimiento del fiscal Edgar Modesto Torales tras un grave percance rutero ocurrido recientemente.<\/p>\n\n\n\n<p><img loading=\"lazy\" decoding=\"async\" height=\"16\" width=\"16\" alt=\"\u25fe\" src=\"https:\/\/static.xx.fbcdn.net\/images\/emoji.php\/v9\/t6b\/1\/16\/25fe.png\">El agente, quien se desempe\u00f1aba como fiscal zonal de Yguaz\u00fa y fijaba residencia en Ciudad del Este, perdi\u00f3 la vida mientras circulaba por la zona de Campo 9, en el departamento de Caaguaz\u00fa.<\/p>\n\n\n\n<p><img loading=\"lazy\" decoding=\"async\" height=\"16\" width=\"16\" alt=\"\u25fe\" src=\"https:\/\/static.xx.fbcdn.net\/images\/emoji.php\/v9\/t6b\/1\/16\/25fe.png\">Seg\u00fan los primeros reportes difundidos por el Diario La Jornada, el siniestro vial ocurri\u00f3 de manera repentina, movilizando de urgencia a los equipos de asistencia en el lugar. Torales era una figura conocida en el Ministerio P\u00fablico de la regi\u00f3n, y su muerte representa una p\u00e9rdida significativa para la instituci\u00f3n. Hasta el momento, se aguardan mayores detalles sobre las circunstancias exactas del accidente, mientras las autoridades locales proceden con las pericias correspondientes en la ruta.<\/p>\n\n\n\n<figure class=\"wp-block-image size-large\"><img loading=\"lazy\" decoding=\"async\" width=\"1024\" height=\"768\" src=\"https:\/\/radioparquecde.com\/wp-content\/uploads\/2026\/04\/682262777_1563533359114676_1862741317115769720_n-1024x768.jpg\" alt=\"\" class=\"wp-image-12168\" srcset=\"https:\/\/radioparquecde.com\/wp-content\/uploads\/2026\/04\/682262777_1563533359114676_1862741317115769720_n-1024x768.jpg 1024w, https:\/\/radioparquecde.com\/wp-content\/uploads\/2026\/04\/682262777_1563533359114676_1862741317115769720_n-300x225.jpg 300w, https:\/\/radioparquecde.com\/wp-content\/uploads\/2026\/04\/682262777_1563533359114676_1862741317115769720_n-768x576.jpg 768w, https:\/\/radioparquecde.com\/wp-content\/uploads\/2026\/04\/682262777_1563533359114676_1862741317115769720_n.jpg 1440w\" sizes=\"auto, (max-width: 1024px) 100vw, 1024px\" \/><\/figure>\n","protected":false},"excerpt":{"rendered":"<p>En una noticia que ha conmocionado al \u00e1mbito judicial y a la zona este del&#8230;<\/p>\n","protected":false},"author":3,"featured_media":12168,"comment_status":"closed","ping_status":"closed","sticky":false,"template":"","format":"standard","meta":{"footnotes":""},"categories":[48,2,6],"tags":[],"class_list":["post-12167","post","type-post","status-publish","format-standard","has-post-thumbnail","hentry","category-alto-parana","category-destacadas","category-noticias"],"featured_image_urls":{"full":["https:\/\/radioparquecde.com\/wp-content\/uploads\/2026\/04\/682262777_1563533359114676_1862741317115769720_n.jpg",1440,1080,false],"thumbnail":["https:\/\/radioparquecde.com\/wp-content\/uploads\/2026\/04\/682262777_1563533359114676_1862741317115769720_n-150x150.jpg",150,150,true],"medium":["https:\/\/radioparquecde.com\/wp-content\/uploads\/2026\/04\/682262777_1563533359114676_1862741317115769720_n-300x225.jpg",300,225,true],"medium_large":["https:\/\/radioparquecde.com\/wp-content\/uploads\/2026\/04\/682262777_1563533359114676_1862741317115769720_n-768x576.jpg",640,480,true],"large":["https:\/\/radioparquecde.com\/wp-content\/uploads\/2026\/04\/682262777_1563533359114676_1862741317115769720_n-1024x768.jpg",640,480,true],"1536x1536":["https:\/\/radioparquecde.com\/wp-content\/uploads\/2026\/04\/682262777_1563533359114676_1862741317115769720_n.jpg",1440,1080,false],"2048x2048":["https:\/\/radioparquecde.com\/wp-content\/uploads\/2026\/04\/682262777_1563533359114676_1862741317115769720_n.jpg",1440,1080,false],"newsphere-slider-full":["https:\/\/radioparquecde.com\/wp-content\/uploads\/2026\/04\/682262777_1563533359114676_1862741317115769720_n-1280x720.jpg",1280,720,true],"newsphere-featured":["https:\/\/radioparquecde.com\/wp-content\/uploads\/2026\/04\/682262777_1563533359114676_1862741317115769720_n-1024x768.jpg",1024,768,true],"newsphere-medium":["https:\/\/radioparquecde.com\/wp-content\/uploads\/2026\/04\/682262777_1563533359114676_1862741317115769720_n-720x380.jpg",720,380,true]},"author_info":{"display_name":"Editor","author_link":"https:\/\/radioparquecde.com\/index.php\/author\/editor\/"},"category_info":"<a href=\"https:\/\/radioparquecde.com\/index.php\/category\/alto-parana\/\" rel=\"category tag\">ALTO PARAN\u00c1<\/a> <a href=\"https:\/\/radioparquecde.com\/index.php\/category\/noticias\/destacadas\/\" rel=\"category tag\">Destacadas<\/a> <a href=\"https:\/\/radioparquecde.com\/index.php\/category\/noticias\/\" rel=\"category tag\">Noticias<\/a>","tag_info":"Noticias","comment_count":"0","_links":{"self":[{"href":"https:\/\/radioparquecde.com\/index.php\/wp-json\/wp\/v2\/posts\/12167","targetHints":{"allow":["GET"]}}],"collection":[{"href":"https:\/\/radioparquecde.com\/index.php\/wp-json\/wp\/v2\/posts"}],"about":[{"href":"https:\/\/radioparquecde.com\/index.php\/wp-json\/wp\/v2\/types\/post"}],"author":[{"embeddable":true,"href":"https:\/\/radioparquecde.com\/index.php\/wp-json\/wp\/v2\/users\/3"}],"replies":[{"embeddable":true,"href":"https:\/\/radioparquecde.com\/index.php\/wp-json\/wp\/v2\/comments?post=12167"}],"version-history":[{"count":1,"href":"https:\/\/radioparquecde.com\/index.php\/wp-json\/wp\/v2\/posts\/12167\/revisions"}],"predecessor-version":[{"id":12169,"href":"https:\/\/radioparquecde.com\/index.php\/wp-json\/wp\/v2\/posts\/12167\/revisions\/12169"}],"wp:featuredmedia":[{"embeddable":true,"href":"https:\/\/radioparquecde.com\/index.php\/wp-json\/wp\/v2\/media\/12168"}],"wp:attachment":[{"href":"https:\/\/radioparquecde.com\/index.php\/wp-json\/wp\/v2\/media?parent=12167"}],"wp:term":[{"taxonomy":"category","embeddable":true,"href":"https:\/\/radioparquecde.com\/index.php\/wp-json\/wp\/v2\/categories?post=12167"},{"taxonomy":"post_tag","embeddable":true,"href":"https:\/\/radioparquecde.com\/index.php\/wp-json\/wp\/v2\/tags?post=12167"}],"curies":[{"name":"wp","href":"https:\/\/api.w.org\/{rel}","templated":true}]}}