{"id":12175,"date":"2026-04-27T08:57:14","date_gmt":"2026-04-27T11:57:14","guid":{"rendered":"https:\/\/radioparquecde.com\/?p=12175"},"modified":"2026-04-27T08:57:15","modified_gmt":"2026-04-27T11:57:15","slug":"hallan-marihuana-en-carcel-de-minga-guazu","status":"publish","type":"post","link":"https:\/\/radioparquecde.com\/index.php\/2026\/04\/27\/hallan-marihuana-en-carcel-de-minga-guazu\/","title":{"rendered":"Hallan marihuana en c\u00e1rcel de Minga Guaz\u00fa"},"content":{"rendered":"\n<p>Una vez m\u00e1s lograron incautar droga del poder de un recluso en el Centro de Reinserci\u00f3n Social de Minga Guaz\u00fa. Fue a las 17:50 horas del domingo.<\/p>\n\n\n\n<p>Se trata de 87.27 gramos de marihuana, que el recluso Rodrigo Fr\u00e1gueda hab\u00eda arrojado con algunas barras de hierro a una canaleta del penal, desde el m\u00f3dulo 7.<\/p>\n\n\n\n<p>Los personales antinarc\u00f3ticos realizaron la prueba a la droga, dando como resultado positivo a marihuana. Se comunic\u00f3 al fiscal de Lucha contra el Narcotr\u00e1fico, Abogado Manuel Rojas Rodr\u00edguez.<\/p>\n\n\n\n<figure class=\"wp-block-image size-large\"><img loading=\"lazy\" decoding=\"async\" width=\"1024\" height=\"602\" src=\"https:\/\/radioparquecde.com\/wp-content\/uploads\/2026\/04\/680502858_913135981759171_7709574754071859844_n-1024x602.jpg\" alt=\"\" class=\"wp-image-12176\" srcset=\"https:\/\/radioparquecde.com\/wp-content\/uploads\/2026\/04\/680502858_913135981759171_7709574754071859844_n-1024x602.jpg 1024w, https:\/\/radioparquecde.com\/wp-content\/uploads\/2026\/04\/680502858_913135981759171_7709574754071859844_n-300x176.jpg 300w, https:\/\/radioparquecde.com\/wp-content\/uploads\/2026\/04\/680502858_913135981759171_7709574754071859844_n-768x451.jpg 768w, https:\/\/radioparquecde.com\/wp-content\/uploads\/2026\/04\/680502858_913135981759171_7709574754071859844_n.jpg 1176w\" sizes=\"auto, (max-width: 1024px) 100vw, 1024px\" \/><\/figure>\n","protected":false},"excerpt":{"rendered":"<p>Una vez m\u00e1s lograron incautar droga del poder de un recluso en el Centro de&#8230;<\/p>\n","protected":false},"author":3,"featured_media":12176,"comment_status":"closed","ping_status":"closed","sticky":false,"template":"","format":"standard","meta":{"footnotes":""},"categories":[48,6],"tags":[],"class_list":["post-12175","post","type-post","status-publish","format-standard","has-post-thumbnail","hentry","category-alto-parana","category-noticias"],"featured_image_urls":{"full":["https:\/\/radioparquecde.com\/wp-content\/uploads\/2026\/04\/680502858_913135981759171_7709574754071859844_n.jpg",1176,691,false],"thumbnail":["https:\/\/radioparquecde.com\/wp-content\/uploads\/2026\/04\/680502858_913135981759171_7709574754071859844_n-150x150.jpg",150,150,true],"medium":["https:\/\/radioparquecde.com\/wp-content\/uploads\/2026\/04\/680502858_913135981759171_7709574754071859844_n-300x176.jpg",300,176,true],"medium_large":["https:\/\/radioparquecde.com\/wp-content\/uploads\/2026\/04\/680502858_913135981759171_7709574754071859844_n-768x451.jpg",640,376,true],"large":["https:\/\/radioparquecde.com\/wp-content\/uploads\/2026\/04\/680502858_913135981759171_7709574754071859844_n-1024x602.jpg",640,376,true],"1536x1536":["https:\/\/radioparquecde.com\/wp-content\/uploads\/2026\/04\/680502858_913135981759171_7709574754071859844_n.jpg",1176,691,false],"2048x2048":["https:\/\/radioparquecde.com\/wp-content\/uploads\/2026\/04\/680502858_913135981759171_7709574754071859844_n.jpg",1176,691,false],"newsphere-slider-full":["https:\/\/radioparquecde.com\/wp-content\/uploads\/2026\/04\/680502858_913135981759171_7709574754071859844_n.jpg",1176,691,false],"newsphere-featured":["https:\/\/radioparquecde.com\/wp-content\/uploads\/2026\/04\/680502858_913135981759171_7709574754071859844_n-1024x602.jpg",1024,602,true],"newsphere-medium":["https:\/\/radioparquecde.com\/wp-content\/uploads\/2026\/04\/680502858_913135981759171_7709574754071859844_n-720x380.jpg",720,380,true]},"author_info":{"display_name":"Editor","author_link":"https:\/\/radioparquecde.com\/index.php\/author\/editor\/"},"category_info":"<a href=\"https:\/\/radioparquecde.com\/index.php\/category\/alto-parana\/\" rel=\"category tag\">ALTO PARAN\u00c1<\/a> <a href=\"https:\/\/radioparquecde.com\/index.php\/category\/noticias\/\" rel=\"category tag\">Noticias<\/a>","tag_info":"Noticias","comment_count":"0","_links":{"self":[{"href":"https:\/\/radioparquecde.com\/index.php\/wp-json\/wp\/v2\/posts\/12175","targetHints":{"allow":["GET"]}}],"collection":[{"href":"https:\/\/radioparquecde.com\/index.php\/wp-json\/wp\/v2\/posts"}],"about":[{"href":"https:\/\/radioparquecde.com\/index.php\/wp-json\/wp\/v2\/types\/post"}],"author":[{"embeddable":true,"href":"https:\/\/radioparquecde.com\/index.php\/wp-json\/wp\/v2\/users\/3"}],"replies":[{"embeddable":true,"href":"https:\/\/radioparquecde.com\/index.php\/wp-json\/wp\/v2\/comments?post=12175"}],"version-history":[{"count":1,"href":"https:\/\/radioparquecde.com\/index.php\/wp-json\/wp\/v2\/posts\/12175\/revisions"}],"predecessor-version":[{"id":12177,"href":"https:\/\/radioparquecde.com\/index.php\/wp-json\/wp\/v2\/posts\/12175\/revisions\/12177"}],"wp:featuredmedia":[{"embeddable":true,"href":"https:\/\/radioparquecde.com\/index.php\/wp-json\/wp\/v2\/media\/12176"}],"wp:attachment":[{"href":"https:\/\/radioparquecde.com\/index.php\/wp-json\/wp\/v2\/media?parent=12175"}],"wp:term":[{"taxonomy":"category","embeddable":true,"href":"https:\/\/radioparquecde.com\/index.php\/wp-json\/wp\/v2\/categories?post=12175"},{"taxonomy":"post_tag","embeddable":true,"href":"https:\/\/radioparquecde.com\/index.php\/wp-json\/wp\/v2\/tags?post=12175"}],"curies":[{"name":"wp","href":"https:\/\/api.w.org\/{rel}","templated":true}]}}