{"id":1251,"date":"2022-04-28T09:00:50","date_gmt":"2022-04-28T13:00:50","guid":{"rendered":"https:\/\/radioparquecde.com\/?p=1251"},"modified":"2022-04-28T09:00:51","modified_gmt":"2022-04-28T13:00:51","slug":"atentado-en-el-norte-sospechas-apuntan-al-epp","status":"publish","type":"post","link":"https:\/\/radioparquecde.com\/index.php\/2022\/04\/28\/atentado-en-el-norte-sospechas-apuntan-al-epp\/","title":{"rendered":"Atentado en el Norte: sospechas apuntan al EPP"},"content":{"rendered":"\n<p>El fiscal Pablo Z\u00e1rate, confirm\u00f3 que en los procedimientos realizados en el marco de la investigaci\u00f3n del supuesto atentado con explosivos contra un veh\u00edculo de la Fuerza de Tarea Conjunta (FTC) en la frontera entre Concepci\u00f3n y Amambay, se encontraron 80 proyectiles percutidos de armas de fuego, lo que supone que hubo un enfrentamiento posterior con los responsables del ataque.<\/p>\n\n\n\n<p>Dijo que las balas halladas en la picada donde ocurri\u00f3 el hecho ser\u00e1n sometidas a an\u00e1lisis para diferenciar cu\u00e1les provinieron de las armas de los delincuentes.<\/p>\n\n\n\n<p>Refiri\u00f3 que por la forma en la que se dio el atentado, con un explosivo colocado en la picada y detonado a distancia, se presume que habr\u00eda sido obra del autodenominado Ej\u00e9rcito del Pueblo Paraguayo (EPP).<\/p>\n\n\n\n<p>\u201cTenemos la presunci\u00f3n de que se trata de ese grupo, teniendo en cuenta el modo de ataque, el tipo de artefacto de fabricaci\u00f3n casera, tambi\u00e9n porque es la zona de influencia de ese grupo\u201d, acot\u00f3.<\/p>\n\n\n\n<figure class=\"wp-block-image size-large\"><img loading=\"lazy\" decoding=\"async\" width=\"1024\" height=\"576\" src=\"https:\/\/radioparquecde.com\/wp-content\/uploads\/2022\/04\/Atentado-contra-la-FTC-en-el-Norte-27-04-2022-1024x576.jpg\" alt=\"\" class=\"wp-image-1253\" srcset=\"https:\/\/radioparquecde.com\/wp-content\/uploads\/2022\/04\/Atentado-contra-la-FTC-en-el-Norte-27-04-2022-1024x576.jpg 1024w, https:\/\/radioparquecde.com\/wp-content\/uploads\/2022\/04\/Atentado-contra-la-FTC-en-el-Norte-27-04-2022-300x169.jpg 300w, https:\/\/radioparquecde.com\/wp-content\/uploads\/2022\/04\/Atentado-contra-la-FTC-en-el-Norte-27-04-2022-768x432.jpg 768w, https:\/\/radioparquecde.com\/wp-content\/uploads\/2022\/04\/Atentado-contra-la-FTC-en-el-Norte-27-04-2022-1536x864.jpg 1536w, https:\/\/radioparquecde.com\/wp-content\/uploads\/2022\/04\/Atentado-contra-la-FTC-en-el-Norte-27-04-2022-1280x720.jpg 1280w, https:\/\/radioparquecde.com\/wp-content\/uploads\/2022\/04\/Atentado-contra-la-FTC-en-el-Norte-27-04-2022.jpg 1920w\" sizes=\"auto, (max-width: 1024px) 100vw, 1024px\" \/><\/figure>\n","protected":false},"excerpt":{"rendered":"<p>El fiscal Pablo Z\u00e1rate, confirm\u00f3 que en los procedimientos realizados en el marco de la&#8230;<\/p>\n","protected":false},"author":3,"featured_media":1254,"comment_status":"closed","ping_status":"closed","sticky":false,"template":"","format":"standard","meta":{"footnotes":""},"categories":[2,20,6],"tags":[],"class_list":["post-1251","post","type-post","status-publish","format-standard","has-post-thumbnail","hentry","category-destacadas","category-nacionales","category-noticias"],"featured_image_urls":{"full":["https:\/\/radioparquecde.com\/wp-content\/uploads\/2022\/04\/Atentado-contra-la-FTC-en-el-Norte-27-04-2022-1.jpg",1920,1080,false],"thumbnail":["https:\/\/radioparquecde.com\/wp-content\/uploads\/2022\/04\/Atentado-contra-la-FTC-en-el-Norte-27-04-2022-1-150x150.jpg",150,150,true],"medium":["https:\/\/radioparquecde.com\/wp-content\/uploads\/2022\/04\/Atentado-contra-la-FTC-en-el-Norte-27-04-2022-1-300x169.jpg",300,169,true],"medium_large":["https:\/\/radioparquecde.com\/wp-content\/uploads\/2022\/04\/Atentado-contra-la-FTC-en-el-Norte-27-04-2022-1-768x432.jpg",640,360,true],"large":["https:\/\/radioparquecde.com\/wp-content\/uploads\/2022\/04\/Atentado-contra-la-FTC-en-el-Norte-27-04-2022-1-1024x576.jpg",640,360,true],"1536x1536":["https:\/\/radioparquecde.com\/wp-content\/uploads\/2022\/04\/Atentado-contra-la-FTC-en-el-Norte-27-04-2022-1-1536x864.jpg",1536,864,true],"2048x2048":["https:\/\/radioparquecde.com\/wp-content\/uploads\/2022\/04\/Atentado-contra-la-FTC-en-el-Norte-27-04-2022-1.jpg",1920,1080,false],"newsphere-slider-full":["https:\/\/radioparquecde.com\/wp-content\/uploads\/2022\/04\/Atentado-contra-la-FTC-en-el-Norte-27-04-2022-1-1280x720.jpg",1280,720,true],"newsphere-featured":["https:\/\/radioparquecde.com\/wp-content\/uploads\/2022\/04\/Atentado-contra-la-FTC-en-el-Norte-27-04-2022-1-1024x576.jpg",1024,576,true],"newsphere-medium":["https:\/\/radioparquecde.com\/wp-content\/uploads\/2022\/04\/Atentado-contra-la-FTC-en-el-Norte-27-04-2022-1-720x380.jpg",720,380,true]},"author_info":{"display_name":"Editor","author_link":"https:\/\/radioparquecde.com\/index.php\/author\/editor\/"},"category_info":"<a href=\"https:\/\/radioparquecde.com\/index.php\/category\/noticias\/destacadas\/\" rel=\"category tag\">Destacadas<\/a> <a href=\"https:\/\/radioparquecde.com\/index.php\/category\/noticias\/nacionales\/\" rel=\"category tag\">Nacionales<\/a> <a href=\"https:\/\/radioparquecde.com\/index.php\/category\/noticias\/\" rel=\"category tag\">Noticias<\/a>","tag_info":"Noticias","comment_count":"0","_links":{"self":[{"href":"https:\/\/radioparquecde.com\/index.php\/wp-json\/wp\/v2\/posts\/1251","targetHints":{"allow":["GET"]}}],"collection":[{"href":"https:\/\/radioparquecde.com\/index.php\/wp-json\/wp\/v2\/posts"}],"about":[{"href":"https:\/\/radioparquecde.com\/index.php\/wp-json\/wp\/v2\/types\/post"}],"author":[{"embeddable":true,"href":"https:\/\/radioparquecde.com\/index.php\/wp-json\/wp\/v2\/users\/3"}],"replies":[{"embeddable":true,"href":"https:\/\/radioparquecde.com\/index.php\/wp-json\/wp\/v2\/comments?post=1251"}],"version-history":[{"count":1,"href":"https:\/\/radioparquecde.com\/index.php\/wp-json\/wp\/v2\/posts\/1251\/revisions"}],"predecessor-version":[{"id":1255,"href":"https:\/\/radioparquecde.com\/index.php\/wp-json\/wp\/v2\/posts\/1251\/revisions\/1255"}],"wp:featuredmedia":[{"embeddable":true,"href":"https:\/\/radioparquecde.com\/index.php\/wp-json\/wp\/v2\/media\/1254"}],"wp:attachment":[{"href":"https:\/\/radioparquecde.com\/index.php\/wp-json\/wp\/v2\/media?parent=1251"}],"wp:term":[{"taxonomy":"category","embeddable":true,"href":"https:\/\/radioparquecde.com\/index.php\/wp-json\/wp\/v2\/categories?post=1251"},{"taxonomy":"post_tag","embeddable":true,"href":"https:\/\/radioparquecde.com\/index.php\/wp-json\/wp\/v2\/tags?post=1251"}],"curies":[{"name":"wp","href":"https:\/\/api.w.org\/{rel}","templated":true}]}}