{"id":1349,"date":"2022-05-02T10:59:38","date_gmt":"2022-05-02T14:59:38","guid":{"rendered":"https:\/\/radioparquecde.com\/?p=1349"},"modified":"2022-05-02T10:59:39","modified_gmt":"2022-05-02T14:59:39","slug":"ofrecen-mas-de-1-200-vacancias-laborales-y-varias-actividades-por-la-semana-del-trabajador","status":"publish","type":"post","link":"https:\/\/radioparquecde.com\/index.php\/2022\/05\/02\/ofrecen-mas-de-1-200-vacancias-laborales-y-varias-actividades-por-la-semana-del-trabajador\/","title":{"rendered":"Ofrecen m\u00e1s de 1.200 vacancias laborales y varias actividades por la semana del trabajador"},"content":{"rendered":"\n<p>Jornadas de feria de trabajo, de empleo y de emprendedores, adem\u00e1s de asesoramiento laboral y ofertas de cursos de capacitaci\u00f3n desarrollar\u00e1 el Ministerio de Trabajo, en el marco de la semana del trabajador, desde el d\u00eda martes 03 al viernes 06 de mayo.<\/p>\n\n\n\n<p>Primeramente se prev\u00e9 el lanzamiento de la feria de empleo con 1.282 vacancias laborales para el sector privado que se realizar\u00e1 en la sede del SNPP (Servicio Nacional de Promoci\u00f3n Profesional), situado en avenida Molas L\u00f3pez N.\u00ba 480.<\/p>\n\n\n\n<p>Luego tambi\u00e9n se realizar\u00e1 la actividad denominada \u201cEl empleo en tu barrio\u201d, en el Barrio Mbocayaty de Asunci\u00f3n. En la ocasi\u00f3n los pobladores del lugar tendr\u00e1n feria de empleo, ofertas formativas, programa de empoderamiento digital para adultos mayores, capacitaci\u00f3n para huertas en espacios reducidos, rob\u00f3tica para ni\u00f1os, entre otros.<\/p>\n\n\n\n<p>Igualmente se prev\u00e9 para el martes el acto de bienvenida a las beneficiarias del programa de capacitaci\u00f3n vocacional para mujeres en el \u00e1rea textil con la embajada de Taiw\u00e1n que se realizar\u00e1 en la sede del CEE (Centro de Entrenamiento del Emprendedor), San Lorenzo.<\/p>\n\n\n\n<p>El d\u00eda mi\u00e9rcoles 04 de mayo a las 10:00 horas, el MTESS proceder\u00e1 a la habilitaci\u00f3n del Centro de Formaci\u00f3n Laboral (ASIMCOPAR). Luego, a las 11:00 horas se realizar\u00e1 el lanzamiento de la segunda etapa de la \u201cCampa\u00f1a de Formalizaci\u00f3n del Empleo Dom\u00e9stico\u201d.<\/p>\n\n\n\n<p>Estas actividades se desarrollar\u00e1n en la sede central de Servicio Nacional de Promoci\u00f3n Profesional (SNPP). Luego las 14:00 horas se proceder\u00e1 a la inauguraci\u00f3n de la escuela de carpinter\u00eda y electricidad en la ciudad de Villa Hayes.<\/p>\n\n\n\n<p>Las actividades en el marco de la semana del trabajador continuar\u00e1n el jueves 05 de mayo las 10:30 horas en la ciudad de Limpio con la habilitaci\u00f3n de la confiter\u00eda \u201cEmanuel\u201d que ser\u00e1n difundidas en redes sociales del MTESS, los v\u00eddeos sobre los emprendedores que motivan.<\/p>\n\n\n\n<p>A las 13:30 se entregar\u00e1 diplomas a estudiantes que realizaron el curso \u201cFormaci\u00f3n sobre Normas Internacionales del trabajo relativas al trabajo forzoso a la traba de personas: perspectiva nacional y comparada\u201d, se realizar\u00e1 en la sede del Poder Judicial.<\/p>\n\n\n\n<p>Posteriormente, a las 16 horas lanzamiento de cursos de seguridad en el \u00e1mbito hospitalario, la actividad ser\u00e1 en la sede central del SNPP.<\/p>\n\n\n\n<figure class=\"wp-block-image size-full\"><img loading=\"lazy\" decoding=\"async\" width=\"600\" height=\"400\" src=\"https:\/\/radioparquecde.com\/wp-content\/uploads\/2022\/05\/teletrabajo-696x464-1.jpg\" alt=\"\" class=\"wp-image-1351\" srcset=\"https:\/\/radioparquecde.com\/wp-content\/uploads\/2022\/05\/teletrabajo-696x464-1.jpg 600w, https:\/\/radioparquecde.com\/wp-content\/uploads\/2022\/05\/teletrabajo-696x464-1-300x200.jpg 300w\" sizes=\"auto, (max-width: 600px) 100vw, 600px\" \/><\/figure>\n\n\n\n<p>La semana del trabajador culminar\u00e1 el viernes 06 de mayo con una feria de emprendedores y d\u00eda de puertas abiertas a la capacitaci\u00f3n en el marco de la Estrategia Nacional de formaci\u00f3n profesional .<\/p>\n\n\n\n<p>La actividad iniciar\u00e1 las 8 horas, donde tambi\u00e9n se suman otros eventos como entrega simb\u00f3lica de capital semilla a ganadores del concurso \u201cNosotros Emprendemos\u201d, habilitaci\u00f3n del Hotel Escuela de Hoteleria, Turismo y Cultura\u201d, entrega de certificados para el \u00e1rea de hoteler\u00eda, recorrida por la escuela Taller de Manejo de maquinarias pesadas, taller de metalmec\u00e1nica, escuela de chaper\u00eda y pintura y \u00e1rea de pr\u00e1ctica de construcci\u00f3n.<\/p>\n\n\n\n<p>Todas estas actividades se desarrollar\u00e1n en la sede central del Servicio Nacional de Promoci\u00f3n Profesional (SNPP). IP<\/p>\n","protected":false},"excerpt":{"rendered":"<p>Jornadas de feria de trabajo, de empleo y de emprendedores, adem\u00e1s de asesoramiento laboral y&#8230;<\/p>\n","protected":false},"author":3,"featured_media":1352,"comment_status":"closed","ping_status":"closed","sticky":false,"template":"","format":"standard","meta":{"footnotes":""},"categories":[2,6],"tags":[],"class_list":["post-1349","post","type-post","status-publish","format-standard","has-post-thumbnail","hentry","category-destacadas","category-noticias"],"featured_image_urls":{"full":["https:\/\/radioparquecde.com\/wp-content\/uploads\/2022\/05\/teletrabajo-696x464-1-1.jpg",600,400,false],"thumbnail":["https:\/\/radioparquecde.com\/wp-content\/uploads\/2022\/05\/teletrabajo-696x464-1-1-150x150.jpg",150,150,true],"medium":["https:\/\/radioparquecde.com\/wp-content\/uploads\/2022\/05\/teletrabajo-696x464-1-1-300x200.jpg",300,200,true],"medium_large":["https:\/\/radioparquecde.com\/wp-content\/uploads\/2022\/05\/teletrabajo-696x464-1-1.jpg",600,400,false],"large":["https:\/\/radioparquecde.com\/wp-content\/uploads\/2022\/05\/teletrabajo-696x464-1-1.jpg",600,400,false],"1536x1536":["https:\/\/radioparquecde.com\/wp-content\/uploads\/2022\/05\/teletrabajo-696x464-1-1.jpg",600,400,false],"2048x2048":["https:\/\/radioparquecde.com\/wp-content\/uploads\/2022\/05\/teletrabajo-696x464-1-1.jpg",600,400,false],"newsphere-slider-full":["https:\/\/radioparquecde.com\/wp-content\/uploads\/2022\/05\/teletrabajo-696x464-1-1.jpg",600,400,false],"newsphere-featured":["https:\/\/radioparquecde.com\/wp-content\/uploads\/2022\/05\/teletrabajo-696x464-1-1.jpg",600,400,false],"newsphere-medium":["https:\/\/radioparquecde.com\/wp-content\/uploads\/2022\/05\/teletrabajo-696x464-1-1-600x380.jpg",600,380,true]},"author_info":{"display_name":"Editor","author_link":"https:\/\/radioparquecde.com\/index.php\/author\/editor\/"},"category_info":"<a href=\"https:\/\/radioparquecde.com\/index.php\/category\/noticias\/destacadas\/\" rel=\"category tag\">Destacadas<\/a> <a href=\"https:\/\/radioparquecde.com\/index.php\/category\/noticias\/\" rel=\"category tag\">Noticias<\/a>","tag_info":"Noticias","comment_count":"0","_links":{"self":[{"href":"https:\/\/radioparquecde.com\/index.php\/wp-json\/wp\/v2\/posts\/1349","targetHints":{"allow":["GET"]}}],"collection":[{"href":"https:\/\/radioparquecde.com\/index.php\/wp-json\/wp\/v2\/posts"}],"about":[{"href":"https:\/\/radioparquecde.com\/index.php\/wp-json\/wp\/v2\/types\/post"}],"author":[{"embeddable":true,"href":"https:\/\/radioparquecde.com\/index.php\/wp-json\/wp\/v2\/users\/3"}],"replies":[{"embeddable":true,"href":"https:\/\/radioparquecde.com\/index.php\/wp-json\/wp\/v2\/comments?post=1349"}],"version-history":[{"count":1,"href":"https:\/\/radioparquecde.com\/index.php\/wp-json\/wp\/v2\/posts\/1349\/revisions"}],"predecessor-version":[{"id":1353,"href":"https:\/\/radioparquecde.com\/index.php\/wp-json\/wp\/v2\/posts\/1349\/revisions\/1353"}],"wp:featuredmedia":[{"embeddable":true,"href":"https:\/\/radioparquecde.com\/index.php\/wp-json\/wp\/v2\/media\/1352"}],"wp:attachment":[{"href":"https:\/\/radioparquecde.com\/index.php\/wp-json\/wp\/v2\/media?parent=1349"}],"wp:term":[{"taxonomy":"category","embeddable":true,"href":"https:\/\/radioparquecde.com\/index.php\/wp-json\/wp\/v2\/categories?post=1349"},{"taxonomy":"post_tag","embeddable":true,"href":"https:\/\/radioparquecde.com\/index.php\/wp-json\/wp\/v2\/tags?post=1349"}],"curies":[{"name":"wp","href":"https:\/\/api.w.org\/{rel}","templated":true}]}}