{"id":1472,"date":"2022-05-06T08:21:14","date_gmt":"2022-05-06T12:21:14","guid":{"rendered":"https:\/\/radioparquecde.com\/?p=1472"},"modified":"2022-05-06T08:21:16","modified_gmt":"2022-05-06T12:21:16","slug":"foro-social-de-alto-parana-destaca-avances-en-soluciones-a-problematica-rural","status":"publish","type":"post","link":"https:\/\/radioparquecde.com\/index.php\/2022\/05\/06\/foro-social-de-alto-parana-destaca-avances-en-soluciones-a-problematica-rural\/","title":{"rendered":"Foro Social de Alto Paran\u00e1 destaca avances en soluciones a problem\u00e1tica rural"},"content":{"rendered":"\n<p>\u201cEstamos por buen camino en la actual administraci\u00f3n del INDERT, porque demuestra voluntad, recuper\u00f3 la credibilidad y posee firmeza para solucionar la problem\u00e1tica rural\u201d, se\u00f1al\u00f3 Tom\u00e1s Zayas, secretario general del Foro Social del Alto Paran\u00e1.<\/p>\n\n\n\n<p>El dirigente mencion\u00f3 el emblem\u00e1tico caso de unas 600 hect\u00e1reas del patrimonio del ente agrario en el n\u00facleo rural Primavera, distrito de Itakyry, donde existe un compromiso de otorgar adjudicaciones de tierras a los actuales ocupantes, y de trabajar de forma conjunta por el desarrollo de la comunidad.<\/p>\n\n\n\n<p>Zayas dijo que \u201cvarios dirigentes fueron imputados y otros sufrieron el embargo de sus casas en la lucha por la tierra, sin embargo, dichos lotes siempre fueron del INDERT. Hoy es un d\u00eda hist\u00f3rico, porque se arrib\u00f3 a un acuerdo entre las partes y la presidenta del ente rural asumi\u00f3 el compromiso con la gente de trabajar en base al acuerdo y poner fin al largo conflicto, otorgando de forma inmediata la adjudicaci\u00f3n a las familias campesinas\u201d.<\/p>\n\n\n\n<p>Se\u00f1al\u00f3 que hay otros conflictos de tierra en Alto Paran\u00e1, pero esta soluci\u00f3n es un paso hist\u00f3rico. \u201cHay otra propiedad del INDERT, con irregularidades que necesitan ser saneadas, por lo que planteamos que se forme un equipo t\u00e9cnico jur\u00eddico para resolver ese problema, de manera a revisar si no hay excedentes en el lugar, de manera que se utilice a los fines de la reforma agraria\u201d, indic\u00f3 el secretario.<\/p>\n\n\n\n<figure class=\"wp-block-image size-large\"><img loading=\"lazy\" decoding=\"async\" width=\"1024\" height=\"683\" src=\"https:\/\/radioparquecde.com\/wp-content\/uploads\/2022\/05\/FR8G9B2XsAAP1gh-1024x683.jpg\" alt=\"\" class=\"wp-image-1474\" srcset=\"https:\/\/radioparquecde.com\/wp-content\/uploads\/2022\/05\/FR8G9B2XsAAP1gh-1024x683.jpg 1024w, https:\/\/radioparquecde.com\/wp-content\/uploads\/2022\/05\/FR8G9B2XsAAP1gh-300x200.jpg 300w, https:\/\/radioparquecde.com\/wp-content\/uploads\/2022\/05\/FR8G9B2XsAAP1gh-768x512.jpg 768w, https:\/\/radioparquecde.com\/wp-content\/uploads\/2022\/05\/FR8G9B2XsAAP1gh-1536x1024.jpg 1536w, https:\/\/radioparquecde.com\/wp-content\/uploads\/2022\/05\/FR8G9B2XsAAP1gh.jpg 1599w\" sizes=\"auto, (max-width: 1024px) 100vw, 1024px\" \/><\/figure>\n","protected":false},"excerpt":{"rendered":"<p>\u201cEstamos por buen camino en la actual administraci\u00f3n del INDERT, porque demuestra voluntad, recuper\u00f3 la&#8230;<\/p>\n","protected":false},"author":3,"featured_media":1475,"comment_status":"closed","ping_status":"closed","sticky":false,"template":"","format":"standard","meta":{"footnotes":""},"categories":[48,20],"tags":[],"class_list":["post-1472","post","type-post","status-publish","format-standard","has-post-thumbnail","hentry","category-alto-parana","category-nacionales"],"featured_image_urls":{"full":["https:\/\/radioparquecde.com\/wp-content\/uploads\/2022\/05\/FR8G9B2XsAAP1gh-1.jpg",1599,1066,false],"thumbnail":["https:\/\/radioparquecde.com\/wp-content\/uploads\/2022\/05\/FR8G9B2XsAAP1gh-1-150x150.jpg",150,150,true],"medium":["https:\/\/radioparquecde.com\/wp-content\/uploads\/2022\/05\/FR8G9B2XsAAP1gh-1-300x200.jpg",300,200,true],"medium_large":["https:\/\/radioparquecde.com\/wp-content\/uploads\/2022\/05\/FR8G9B2XsAAP1gh-1-768x512.jpg",640,427,true],"large":["https:\/\/radioparquecde.com\/wp-content\/uploads\/2022\/05\/FR8G9B2XsAAP1gh-1-1024x683.jpg",640,427,true],"1536x1536":["https:\/\/radioparquecde.com\/wp-content\/uploads\/2022\/05\/FR8G9B2XsAAP1gh-1-1536x1024.jpg",1536,1024,true],"2048x2048":["https:\/\/radioparquecde.com\/wp-content\/uploads\/2022\/05\/FR8G9B2XsAAP1gh-1.jpg",1599,1066,false],"newsphere-slider-full":["https:\/\/radioparquecde.com\/wp-content\/uploads\/2022\/05\/FR8G9B2XsAAP1gh-1-1280x720.jpg",1280,720,true],"newsphere-featured":["https:\/\/radioparquecde.com\/wp-content\/uploads\/2022\/05\/FR8G9B2XsAAP1gh-1-1024x683.jpg",1024,683,true],"newsphere-medium":["https:\/\/radioparquecde.com\/wp-content\/uploads\/2022\/05\/FR8G9B2XsAAP1gh-1-720x380.jpg",720,380,true]},"author_info":{"display_name":"Editor","author_link":"https:\/\/radioparquecde.com\/index.php\/author\/editor\/"},"category_info":"<a href=\"https:\/\/radioparquecde.com\/index.php\/category\/alto-parana\/\" rel=\"category tag\">ALTO PARAN\u00c1<\/a> <a href=\"https:\/\/radioparquecde.com\/index.php\/category\/noticias\/nacionales\/\" rel=\"category tag\">Nacionales<\/a>","tag_info":"Nacionales","comment_count":"0","_links":{"self":[{"href":"https:\/\/radioparquecde.com\/index.php\/wp-json\/wp\/v2\/posts\/1472","targetHints":{"allow":["GET"]}}],"collection":[{"href":"https:\/\/radioparquecde.com\/index.php\/wp-json\/wp\/v2\/posts"}],"about":[{"href":"https:\/\/radioparquecde.com\/index.php\/wp-json\/wp\/v2\/types\/post"}],"author":[{"embeddable":true,"href":"https:\/\/radioparquecde.com\/index.php\/wp-json\/wp\/v2\/users\/3"}],"replies":[{"embeddable":true,"href":"https:\/\/radioparquecde.com\/index.php\/wp-json\/wp\/v2\/comments?post=1472"}],"version-history":[{"count":1,"href":"https:\/\/radioparquecde.com\/index.php\/wp-json\/wp\/v2\/posts\/1472\/revisions"}],"predecessor-version":[{"id":1476,"href":"https:\/\/radioparquecde.com\/index.php\/wp-json\/wp\/v2\/posts\/1472\/revisions\/1476"}],"wp:featuredmedia":[{"embeddable":true,"href":"https:\/\/radioparquecde.com\/index.php\/wp-json\/wp\/v2\/media\/1475"}],"wp:attachment":[{"href":"https:\/\/radioparquecde.com\/index.php\/wp-json\/wp\/v2\/media?parent=1472"}],"wp:term":[{"taxonomy":"category","embeddable":true,"href":"https:\/\/radioparquecde.com\/index.php\/wp-json\/wp\/v2\/categories?post=1472"},{"taxonomy":"post_tag","embeddable":true,"href":"https:\/\/radioparquecde.com\/index.php\/wp-json\/wp\/v2\/tags?post=1472"}],"curies":[{"name":"wp","href":"https:\/\/api.w.org\/{rel}","templated":true}]}}