{"id":1487,"date":"2022-05-06T09:17:23","date_gmt":"2022-05-06T13:17:23","guid":{"rendered":"https:\/\/radioparquecde.com\/?p=1487"},"modified":"2022-05-06T09:17:24","modified_gmt":"2022-05-06T13:17:24","slug":"hallan-dos-cuerpos-con-signos-de-ejecucion-en-san-pedro","status":"publish","type":"post","link":"https:\/\/radioparquecde.com\/index.php\/2022\/05\/06\/hallan-dos-cuerpos-con-signos-de-ejecucion-en-san-pedro\/","title":{"rendered":"Hallan dos cuerpos con signos de ejecuci\u00f3n en San Pedro"},"content":{"rendered":"\n<p>La Polic\u00eda Nacional inform\u00f3 sobre el hallazgo de dos cuerpos que aparentemente fueron arrojados en un camino vecinal del distrito de General Aquino, Departamento de San Pedro.<\/p>\n\n\n\n<p>Personas que estaban transitando por un camino vecinal de la compa\u00f1\u00eda Santa Clara de la ciudad de General Aquino se toparon con dos personas sin signos de vida en la v\u00eda p\u00fablica y r\u00e1pidamente dieron aviso a la Polic\u00eda Nacional.<\/p>\n\n\n\n<p>Uniformados de la Comisar\u00eda local se trasladaron hasta el sitio para verificar la situaci\u00f3n y encontraron dos cad\u00e1veres que, presumiblemente, fueron arrojados en la zona.<\/p>\n\n\n\n<p>De acuerdo a los datos preliminares, ambos cuerpos son del sexo masculino y registran heridas de arma blanca y arma de fuego. El reporte inicial es que ambos fueron ejecutados.<\/p>\n\n\n\n<p>Se espera la presencia del m\u00e9dico forense y del Ministerio P\u00fablico para levantar los restos e identificar a los mismos.<\/p>\n\n\n\n<figure class=\"wp-block-image size-full\"><img loading=\"lazy\" decoding=\"async\" width=\"738\" height=\"480\" src=\"https:\/\/radioparquecde.com\/wp-content\/uploads\/2022\/05\/capture-20220506-091513.png\" alt=\"\" class=\"wp-image-1489\" srcset=\"https:\/\/radioparquecde.com\/wp-content\/uploads\/2022\/05\/capture-20220506-091513.png 738w, https:\/\/radioparquecde.com\/wp-content\/uploads\/2022\/05\/capture-20220506-091513-300x195.png 300w\" sizes=\"auto, (max-width: 738px) 100vw, 738px\" \/><\/figure>\n","protected":false},"excerpt":{"rendered":"<p>La Polic\u00eda Nacional inform\u00f3 sobre el hallazgo de dos cuerpos que aparentemente fueron arrojados en&#8230;<\/p>\n","protected":false},"author":3,"featured_media":1490,"comment_status":"closed","ping_status":"closed","sticky":false,"template":"","format":"standard","meta":{"footnotes":""},"categories":[20,6],"tags":[],"class_list":["post-1487","post","type-post","status-publish","format-standard","has-post-thumbnail","hentry","category-nacionales","category-noticias"],"featured_image_urls":{"full":["https:\/\/radioparquecde.com\/wp-content\/uploads\/2022\/05\/capture-20220506-091513-1.png",738,480,false],"thumbnail":["https:\/\/radioparquecde.com\/wp-content\/uploads\/2022\/05\/capture-20220506-091513-1-150x150.png",150,150,true],"medium":["https:\/\/radioparquecde.com\/wp-content\/uploads\/2022\/05\/capture-20220506-091513-1-300x195.png",300,195,true],"medium_large":["https:\/\/radioparquecde.com\/wp-content\/uploads\/2022\/05\/capture-20220506-091513-1.png",640,416,false],"large":["https:\/\/radioparquecde.com\/wp-content\/uploads\/2022\/05\/capture-20220506-091513-1.png",640,416,false],"1536x1536":["https:\/\/radioparquecde.com\/wp-content\/uploads\/2022\/05\/capture-20220506-091513-1.png",738,480,false],"2048x2048":["https:\/\/radioparquecde.com\/wp-content\/uploads\/2022\/05\/capture-20220506-091513-1.png",738,480,false],"newsphere-slider-full":["https:\/\/radioparquecde.com\/wp-content\/uploads\/2022\/05\/capture-20220506-091513-1.png",738,480,false],"newsphere-featured":["https:\/\/radioparquecde.com\/wp-content\/uploads\/2022\/05\/capture-20220506-091513-1.png",738,480,false],"newsphere-medium":["https:\/\/radioparquecde.com\/wp-content\/uploads\/2022\/05\/capture-20220506-091513-1-720x380.png",720,380,true]},"author_info":{"display_name":"Editor","author_link":"https:\/\/radioparquecde.com\/index.php\/author\/editor\/"},"category_info":"<a href=\"https:\/\/radioparquecde.com\/index.php\/category\/noticias\/nacionales\/\" rel=\"category tag\">Nacionales<\/a> <a href=\"https:\/\/radioparquecde.com\/index.php\/category\/noticias\/\" rel=\"category tag\">Noticias<\/a>","tag_info":"Noticias","comment_count":"0","_links":{"self":[{"href":"https:\/\/radioparquecde.com\/index.php\/wp-json\/wp\/v2\/posts\/1487","targetHints":{"allow":["GET"]}}],"collection":[{"href":"https:\/\/radioparquecde.com\/index.php\/wp-json\/wp\/v2\/posts"}],"about":[{"href":"https:\/\/radioparquecde.com\/index.php\/wp-json\/wp\/v2\/types\/post"}],"author":[{"embeddable":true,"href":"https:\/\/radioparquecde.com\/index.php\/wp-json\/wp\/v2\/users\/3"}],"replies":[{"embeddable":true,"href":"https:\/\/radioparquecde.com\/index.php\/wp-json\/wp\/v2\/comments?post=1487"}],"version-history":[{"count":1,"href":"https:\/\/radioparquecde.com\/index.php\/wp-json\/wp\/v2\/posts\/1487\/revisions"}],"predecessor-version":[{"id":1491,"href":"https:\/\/radioparquecde.com\/index.php\/wp-json\/wp\/v2\/posts\/1487\/revisions\/1491"}],"wp:featuredmedia":[{"embeddable":true,"href":"https:\/\/radioparquecde.com\/index.php\/wp-json\/wp\/v2\/media\/1490"}],"wp:attachment":[{"href":"https:\/\/radioparquecde.com\/index.php\/wp-json\/wp\/v2\/media?parent=1487"}],"wp:term":[{"taxonomy":"category","embeddable":true,"href":"https:\/\/radioparquecde.com\/index.php\/wp-json\/wp\/v2\/categories?post=1487"},{"taxonomy":"post_tag","embeddable":true,"href":"https:\/\/radioparquecde.com\/index.php\/wp-json\/wp\/v2\/tags?post=1487"}],"curies":[{"name":"wp","href":"https:\/\/api.w.org\/{rel}","templated":true}]}}