{"id":1590,"date":"2022-05-10T08:57:20","date_gmt":"2022-05-10T12:57:20","guid":{"rendered":"https:\/\/radioparquecde.com\/?p=1590"},"modified":"2022-05-10T08:57:22","modified_gmt":"2022-05-10T12:57:22","slug":"recuperan-camion-denunciado-como-robado-en-el-brasil","status":"publish","type":"post","link":"https:\/\/radioparquecde.com\/index.php\/2022\/05\/10\/recuperan-camion-denunciado-como-robado-en-el-brasil\/","title":{"rendered":"Recuperan cami\u00f3n denunciado como robado en el Brasil"},"content":{"rendered":"\n<p>Un cami\u00f3n denunciado como robado en el Brasil fue rastreado y encontrado anoche en inmediaciones del cementerio Don Bosco de Ciudad del Este.<\/p>\n\n\n\n<p>Se trata de un tractocami\u00f3n de la marca Volvo, con chapa BED 770, triplicada, denunciado como robado el 30 de abril pasado por parte de Antonio Marcos Da Silva Ferreira, domiciliado en Cascavel-Brasil.<\/p>\n\n\n\n<figure class=\"wp-block-image size-large\"><img loading=\"lazy\" decoding=\"async\" width=\"576\" height=\"1024\" src=\"https:\/\/radioparquecde.com\/wp-content\/uploads\/2022\/05\/IMG-20220510-WA0000-576x1024.jpg\" alt=\"\" class=\"wp-image-1592\" srcset=\"https:\/\/radioparquecde.com\/wp-content\/uploads\/2022\/05\/IMG-20220510-WA0000-576x1024.jpg 576w, https:\/\/radioparquecde.com\/wp-content\/uploads\/2022\/05\/IMG-20220510-WA0000-169x300.jpg 169w, https:\/\/radioparquecde.com\/wp-content\/uploads\/2022\/05\/IMG-20220510-WA0000-768x1365.jpg 768w, https:\/\/radioparquecde.com\/wp-content\/uploads\/2022\/05\/IMG-20220510-WA0000-864x1536.jpg 864w, https:\/\/radioparquecde.com\/wp-content\/uploads\/2022\/05\/IMG-20220510-WA0000.jpg 900w\" sizes=\"auto, (max-width: 576px) 100vw, 576px\" \/><\/figure>\n\n\n\n<p>El hombre ubic\u00f3 su cami\u00f3n mediante sistema de GPS y comunic\u00f3 a la comisar\u00eda 5a de Hernandarias por lo que se procedi\u00f3 a la verificaci\u00f3n e incautaci\u00f3n del veh\u00edculo.<\/p>\n\n\n\n<p>Para el procedimiento se comunic\u00f3 a agentes del Departamento de Control de Automotores y a la Fiscal\u00eda.<\/p>\n","protected":false},"excerpt":{"rendered":"<p>Un cami\u00f3n denunciado como robado en el Brasil fue rastreado y encontrado anoche en inmediaciones&#8230;<\/p>\n","protected":false},"author":3,"featured_media":1593,"comment_status":"closed","ping_status":"closed","sticky":false,"template":"","format":"standard","meta":{"footnotes":""},"categories":[6,47],"tags":[],"class_list":["post-1590","post","type-post","status-publish","format-standard","has-post-thumbnail","hentry","category-noticias","category-sucesos"],"featured_image_urls":{"full":["https:\/\/radioparquecde.com\/wp-content\/uploads\/2022\/05\/IMG-20220510-WA0000-1.jpg",900,1600,false],"thumbnail":["https:\/\/radioparquecde.com\/wp-content\/uploads\/2022\/05\/IMG-20220510-WA0000-1-150x150.jpg",150,150,true],"medium":["https:\/\/radioparquecde.com\/wp-content\/uploads\/2022\/05\/IMG-20220510-WA0000-1-169x300.jpg",169,300,true],"medium_large":["https:\/\/radioparquecde.com\/wp-content\/uploads\/2022\/05\/IMG-20220510-WA0000-1-768x1365.jpg",640,1138,true],"large":["https:\/\/radioparquecde.com\/wp-content\/uploads\/2022\/05\/IMG-20220510-WA0000-1-576x1024.jpg",576,1024,true],"1536x1536":["https:\/\/radioparquecde.com\/wp-content\/uploads\/2022\/05\/IMG-20220510-WA0000-1-864x1536.jpg",864,1536,true],"2048x2048":["https:\/\/radioparquecde.com\/wp-content\/uploads\/2022\/05\/IMG-20220510-WA0000-1.jpg",900,1600,false],"newsphere-slider-full":["https:\/\/radioparquecde.com\/wp-content\/uploads\/2022\/05\/IMG-20220510-WA0000-1-900x720.jpg",900,720,true],"newsphere-featured":["https:\/\/radioparquecde.com\/wp-content\/uploads\/2022\/05\/IMG-20220510-WA0000-1.jpg",900,1600,false],"newsphere-medium":["https:\/\/radioparquecde.com\/wp-content\/uploads\/2022\/05\/IMG-20220510-WA0000-1-720x380.jpg",720,380,true]},"author_info":{"display_name":"Editor","author_link":"https:\/\/radioparquecde.com\/index.php\/author\/editor\/"},"category_info":"<a href=\"https:\/\/radioparquecde.com\/index.php\/category\/noticias\/\" rel=\"category tag\">Noticias<\/a> <a href=\"https:\/\/radioparquecde.com\/index.php\/category\/sucesos\/\" rel=\"category tag\">SUCESOS<\/a>","tag_info":"SUCESOS","comment_count":"0","_links":{"self":[{"href":"https:\/\/radioparquecde.com\/index.php\/wp-json\/wp\/v2\/posts\/1590","targetHints":{"allow":["GET"]}}],"collection":[{"href":"https:\/\/radioparquecde.com\/index.php\/wp-json\/wp\/v2\/posts"}],"about":[{"href":"https:\/\/radioparquecde.com\/index.php\/wp-json\/wp\/v2\/types\/post"}],"author":[{"embeddable":true,"href":"https:\/\/radioparquecde.com\/index.php\/wp-json\/wp\/v2\/users\/3"}],"replies":[{"embeddable":true,"href":"https:\/\/radioparquecde.com\/index.php\/wp-json\/wp\/v2\/comments?post=1590"}],"version-history":[{"count":1,"href":"https:\/\/radioparquecde.com\/index.php\/wp-json\/wp\/v2\/posts\/1590\/revisions"}],"predecessor-version":[{"id":1594,"href":"https:\/\/radioparquecde.com\/index.php\/wp-json\/wp\/v2\/posts\/1590\/revisions\/1594"}],"wp:featuredmedia":[{"embeddable":true,"href":"https:\/\/radioparquecde.com\/index.php\/wp-json\/wp\/v2\/media\/1593"}],"wp:attachment":[{"href":"https:\/\/radioparquecde.com\/index.php\/wp-json\/wp\/v2\/media?parent=1590"}],"wp:term":[{"taxonomy":"category","embeddable":true,"href":"https:\/\/radioparquecde.com\/index.php\/wp-json\/wp\/v2\/categories?post=1590"},{"taxonomy":"post_tag","embeddable":true,"href":"https:\/\/radioparquecde.com\/index.php\/wp-json\/wp\/v2\/tags?post=1590"}],"curies":[{"name":"wp","href":"https:\/\/api.w.org\/{rel}","templated":true}]}}