{"id":1732,"date":"2022-05-16T08:33:08","date_gmt":"2022-05-16T12:33:08","guid":{"rendered":"https:\/\/radioparquecde.com\/?p=1732"},"modified":"2022-05-16T08:33:10","modified_gmt":"2022-05-16T12:33:10","slug":"defensa-de-hugo-javier-tiene-hasta-semana-para-apelar-resolucion-de-junta-departamental","status":"publish","type":"post","link":"https:\/\/radioparquecde.com\/index.php\/2022\/05\/16\/defensa-de-hugo-javier-tiene-hasta-semana-para-apelar-resolucion-de-junta-departamental\/","title":{"rendered":"Defensa de Hugo Javier tiene hasta semana para apelar resoluci\u00f3n de Junta Departamental&nbsp;"},"content":{"rendered":"\n<p>El director de Procesos Electorales del TSJE, Carlos Mar\u00eda Ljubetic, manifest\u00f3 que la defensa del exgobernador de Central, Hugo Javier Gonz\u00e1lez, tiene hasta esta semana para presentar apelaci\u00f3n contra la resoluci\u00f3n de la Junta Departamental que lo destituy\u00f3. Asimismo indic\u00f3 que su destituci\u00f3n a priori es irregular, ya que esa es una facultad que pertenece netamente a la C\u00e1mara de Diputados.<\/p>\n\n\n\n<p>\u201cLo que hizo correctamente la junta es nombrar a una persona que provisoriamente que le sustituya al gobernador, lo que no corresponde es que ellos hayan determinado su destituci\u00f3n definitiva por que eso la Constituci\u00f3n Nacional en su art\u00edculo 165 establece los procedimientos para destituirle al gobernador e intendentes, esa es una facultad de la C\u00e1mara de Diputados\u201d, explic\u00f3.<\/p>\n\n\n\n<p>Asimismo mencion\u00f3 que la p\u00e9rdida de investidura solo corresponde cuando hay una sentencia firme y agreg\u00f3 que la defensa del exgobernador, tras haberse hecho p\u00fablica la resoluci\u00f3n, tiene 5 d\u00edas para apelar. Agreg\u00f3 que la Junta Departamental tom\u00f3 dicha decisi\u00f3n con la excusa de que necesitaban un gobernador definitivo para que sus acciones tengan validez, sin embargo la Ley determina que el reemplazo tiene las mismas prerrogativas.<\/p>\n\n\n\n<figure class=\"wp-block-image size-full\"><img loading=\"lazy\" decoding=\"async\" width=\"600\" height=\"375\" src=\"https:\/\/radioparquecde.com\/wp-content\/uploads\/2022\/05\/Hugo-Javier.jpg\" alt=\"\" class=\"wp-image-1734\" srcset=\"https:\/\/radioparquecde.com\/wp-content\/uploads\/2022\/05\/Hugo-Javier.jpg 600w, https:\/\/radioparquecde.com\/wp-content\/uploads\/2022\/05\/Hugo-Javier-300x188.jpg 300w\" sizes=\"auto, (max-width: 600px) 100vw, 600px\" \/><\/figure>\n","protected":false},"excerpt":{"rendered":"<p>El director de Procesos Electorales del TSJE, Carlos Mar\u00eda Ljubetic, manifest\u00f3 que la defensa del&#8230;<\/p>\n","protected":false},"author":3,"featured_media":1735,"comment_status":"closed","ping_status":"closed","sticky":false,"template":"","format":"standard","meta":{"footnotes":""},"categories":[20,6],"tags":[],"class_list":["post-1732","post","type-post","status-publish","format-standard","has-post-thumbnail","hentry","category-nacionales","category-noticias"],"featured_image_urls":{"full":["https:\/\/radioparquecde.com\/wp-content\/uploads\/2022\/05\/Hugo-Javier-1.jpg",600,375,false],"thumbnail":["https:\/\/radioparquecde.com\/wp-content\/uploads\/2022\/05\/Hugo-Javier-1-150x150.jpg",150,150,true],"medium":["https:\/\/radioparquecde.com\/wp-content\/uploads\/2022\/05\/Hugo-Javier-1-300x188.jpg",300,188,true],"medium_large":["https:\/\/radioparquecde.com\/wp-content\/uploads\/2022\/05\/Hugo-Javier-1.jpg",600,375,false],"large":["https:\/\/radioparquecde.com\/wp-content\/uploads\/2022\/05\/Hugo-Javier-1.jpg",600,375,false],"1536x1536":["https:\/\/radioparquecde.com\/wp-content\/uploads\/2022\/05\/Hugo-Javier-1.jpg",600,375,false],"2048x2048":["https:\/\/radioparquecde.com\/wp-content\/uploads\/2022\/05\/Hugo-Javier-1.jpg",600,375,false],"newsphere-slider-full":["https:\/\/radioparquecde.com\/wp-content\/uploads\/2022\/05\/Hugo-Javier-1.jpg",600,375,false],"newsphere-featured":["https:\/\/radioparquecde.com\/wp-content\/uploads\/2022\/05\/Hugo-Javier-1.jpg",600,375,false],"newsphere-medium":["https:\/\/radioparquecde.com\/wp-content\/uploads\/2022\/05\/Hugo-Javier-1.jpg",600,375,false]},"author_info":{"display_name":"Editor","author_link":"https:\/\/radioparquecde.com\/index.php\/author\/editor\/"},"category_info":"<a href=\"https:\/\/radioparquecde.com\/index.php\/category\/noticias\/nacionales\/\" rel=\"category tag\">Nacionales<\/a> <a href=\"https:\/\/radioparquecde.com\/index.php\/category\/noticias\/\" rel=\"category tag\">Noticias<\/a>","tag_info":"Noticias","comment_count":"0","_links":{"self":[{"href":"https:\/\/radioparquecde.com\/index.php\/wp-json\/wp\/v2\/posts\/1732","targetHints":{"allow":["GET"]}}],"collection":[{"href":"https:\/\/radioparquecde.com\/index.php\/wp-json\/wp\/v2\/posts"}],"about":[{"href":"https:\/\/radioparquecde.com\/index.php\/wp-json\/wp\/v2\/types\/post"}],"author":[{"embeddable":true,"href":"https:\/\/radioparquecde.com\/index.php\/wp-json\/wp\/v2\/users\/3"}],"replies":[{"embeddable":true,"href":"https:\/\/radioparquecde.com\/index.php\/wp-json\/wp\/v2\/comments?post=1732"}],"version-history":[{"count":1,"href":"https:\/\/radioparquecde.com\/index.php\/wp-json\/wp\/v2\/posts\/1732\/revisions"}],"predecessor-version":[{"id":1736,"href":"https:\/\/radioparquecde.com\/index.php\/wp-json\/wp\/v2\/posts\/1732\/revisions\/1736"}],"wp:featuredmedia":[{"embeddable":true,"href":"https:\/\/radioparquecde.com\/index.php\/wp-json\/wp\/v2\/media\/1735"}],"wp:attachment":[{"href":"https:\/\/radioparquecde.com\/index.php\/wp-json\/wp\/v2\/media?parent=1732"}],"wp:term":[{"taxonomy":"category","embeddable":true,"href":"https:\/\/radioparquecde.com\/index.php\/wp-json\/wp\/v2\/categories?post=1732"},{"taxonomy":"post_tag","embeddable":true,"href":"https:\/\/radioparquecde.com\/index.php\/wp-json\/wp\/v2\/tags?post=1732"}],"curies":[{"name":"wp","href":"https:\/\/api.w.org\/{rel}","templated":true}]}}