{"id":1960,"date":"2022-05-20T07:45:30","date_gmt":"2022-05-20T11:45:30","guid":{"rendered":"https:\/\/radioparquecde.com\/?p=1960"},"modified":"2022-05-20T07:45:32","modified_gmt":"2022-05-20T11:45:32","slug":"suba-de-combustible-se-dara-la-proxima-semana-segun-corrales","status":"publish","type":"post","link":"https:\/\/radioparquecde.com\/index.php\/2022\/05\/20\/suba-de-combustible-se-dara-la-proxima-semana-segun-corrales\/","title":{"rendered":"Suba de combustible se dar\u00e1 la pr\u00f3xima semana, seg\u00fan Corrales"},"content":{"rendered":"\n<p>El titular de la Asociaci\u00f3n de Propietarios y Operadores de Estaciones de Servicios y Afines (Apesa), Miguel Corrales, inform\u00f3 que el sector privado tomar\u00e1 \u201cpara inicio de la semana que viene alguna determinaci\u00f3n\u201d sobre el aumento del precio de los combustibles. La suba ser\u00eda entre G. 500 y 1.000.<\/p>\n\n\n\n<p>Corrales agreg\u00f3 que la cantidad de la suba depende de la definici\u00f3n del Gobierno con respecto a la reducci\u00f3n del Impuesto Selectivo al Consumo (ISC) que cobra a los emblemas al momento de importar.<\/p>\n\n\n\n<p>Al respecto, el Equipo Econ\u00f3mico dio luz verde para mantener la reducci\u00f3n impositiva a la importaci\u00f3n de carburantes, hasta junio. Se monitorear\u00e1 el mercado para ampliar alcance o analizar nuevas medidas.<\/p>\n\n\n\n<p>\u201cLos precios internacionales no aflojan, no dan respiro, est\u00e1n con una tendencia a la alza. Entonces, yo creo que en cualquier momento van a tener que actualizar los precios las distribuidoras, las importadoras. Hoy no tenemos ninguna notificaci\u00f3n de ninguna de las partes, s\u00ed la manifestaci\u00f3n, que sali\u00f3 en todos los medios, que es imperante la suba\u201d, explic\u00f3 Corrales.<\/p>\n\n\n\n<p>Por otro lado, lament\u00f3 que los operadores de estaciones de servicios est\u00e1n golpeados m\u00e1s a\u00fan por el contrabando. Detall\u00f3 que realizaron un censo en el sur del pa\u00eds, donde se estima que ingresan entre 8 y 10 millones de litros mensuales de combustibles de contrabando. A\u00f1adi\u00f3 que tambi\u00e9n hay denuncias de venta ilegal de combustible argentino en Guair\u00e1. \u201cEstamos perdiendo la batalla contra la informalidad\u201d, acus\u00f3.<\/p>\n\n\n\n<figure class=\"wp-block-image size-full\"><img loading=\"lazy\" decoding=\"async\" width=\"746\" height=\"509\" src=\"https:\/\/radioparquecde.com\/wp-content\/uploads\/2022\/05\/capture-20220520-074329.png\" alt=\"\" class=\"wp-image-1962\" srcset=\"https:\/\/radioparquecde.com\/wp-content\/uploads\/2022\/05\/capture-20220520-074329.png 746w, https:\/\/radioparquecde.com\/wp-content\/uploads\/2022\/05\/capture-20220520-074329-300x205.png 300w\" sizes=\"auto, (max-width: 746px) 100vw, 746px\" \/><\/figure>\n","protected":false},"excerpt":{"rendered":"<p>El titular de la Asociaci\u00f3n de Propietarios y Operadores de Estaciones de Servicios y Afines&#8230;<\/p>\n","protected":false},"author":3,"featured_media":1963,"comment_status":"closed","ping_status":"closed","sticky":false,"template":"","format":"standard","meta":{"footnotes":""},"categories":[5,6],"tags":[],"class_list":["post-1960","post","type-post","status-publish","format-standard","has-post-thumbnail","hentry","category-economia","category-noticias"],"featured_image_urls":{"full":["https:\/\/radioparquecde.com\/wp-content\/uploads\/2022\/05\/capture-20220520-074329-1.png",746,509,false],"thumbnail":["https:\/\/radioparquecde.com\/wp-content\/uploads\/2022\/05\/capture-20220520-074329-1-150x150.png",150,150,true],"medium":["https:\/\/radioparquecde.com\/wp-content\/uploads\/2022\/05\/capture-20220520-074329-1-300x205.png",300,205,true],"medium_large":["https:\/\/radioparquecde.com\/wp-content\/uploads\/2022\/05\/capture-20220520-074329-1.png",640,437,false],"large":["https:\/\/radioparquecde.com\/wp-content\/uploads\/2022\/05\/capture-20220520-074329-1.png",640,437,false],"1536x1536":["https:\/\/radioparquecde.com\/wp-content\/uploads\/2022\/05\/capture-20220520-074329-1.png",746,509,false],"2048x2048":["https:\/\/radioparquecde.com\/wp-content\/uploads\/2022\/05\/capture-20220520-074329-1.png",746,509,false],"newsphere-slider-full":["https:\/\/radioparquecde.com\/wp-content\/uploads\/2022\/05\/capture-20220520-074329-1.png",746,509,false],"newsphere-featured":["https:\/\/radioparquecde.com\/wp-content\/uploads\/2022\/05\/capture-20220520-074329-1.png",746,509,false],"newsphere-medium":["https:\/\/radioparquecde.com\/wp-content\/uploads\/2022\/05\/capture-20220520-074329-1-720x380.png",720,380,true]},"author_info":{"display_name":"Editor","author_link":"https:\/\/radioparquecde.com\/index.php\/author\/editor\/"},"category_info":"<a href=\"https:\/\/radioparquecde.com\/index.php\/category\/noticias\/economia\/\" rel=\"category tag\">Econom\u00eda<\/a> <a href=\"https:\/\/radioparquecde.com\/index.php\/category\/noticias\/\" rel=\"category tag\">Noticias<\/a>","tag_info":"Noticias","comment_count":"0","_links":{"self":[{"href":"https:\/\/radioparquecde.com\/index.php\/wp-json\/wp\/v2\/posts\/1960","targetHints":{"allow":["GET"]}}],"collection":[{"href":"https:\/\/radioparquecde.com\/index.php\/wp-json\/wp\/v2\/posts"}],"about":[{"href":"https:\/\/radioparquecde.com\/index.php\/wp-json\/wp\/v2\/types\/post"}],"author":[{"embeddable":true,"href":"https:\/\/radioparquecde.com\/index.php\/wp-json\/wp\/v2\/users\/3"}],"replies":[{"embeddable":true,"href":"https:\/\/radioparquecde.com\/index.php\/wp-json\/wp\/v2\/comments?post=1960"}],"version-history":[{"count":1,"href":"https:\/\/radioparquecde.com\/index.php\/wp-json\/wp\/v2\/posts\/1960\/revisions"}],"predecessor-version":[{"id":1964,"href":"https:\/\/radioparquecde.com\/index.php\/wp-json\/wp\/v2\/posts\/1960\/revisions\/1964"}],"wp:featuredmedia":[{"embeddable":true,"href":"https:\/\/radioparquecde.com\/index.php\/wp-json\/wp\/v2\/media\/1963"}],"wp:attachment":[{"href":"https:\/\/radioparquecde.com\/index.php\/wp-json\/wp\/v2\/media?parent=1960"}],"wp:term":[{"taxonomy":"category","embeddable":true,"href":"https:\/\/radioparquecde.com\/index.php\/wp-json\/wp\/v2\/categories?post=1960"},{"taxonomy":"post_tag","embeddable":true,"href":"https:\/\/radioparquecde.com\/index.php\/wp-json\/wp\/v2\/tags?post=1960"}],"curies":[{"name":"wp","href":"https:\/\/api.w.org\/{rel}","templated":true}]}}