{"id":2005,"date":"2022-05-20T14:54:52","date_gmt":"2022-05-20T18:54:52","guid":{"rendered":"https:\/\/radioparquecde.com\/?p=2005"},"modified":"2022-05-20T14:54:54","modified_gmt":"2022-05-20T18:54:54","slug":"presentaron-proyecto-del-corredor-metropolitano-del-este-ante-organismos-de-paraguay-y-brasil","status":"publish","type":"post","link":"https:\/\/radioparquecde.com\/index.php\/2022\/05\/20\/presentaron-proyecto-del-corredor-metropolitano-del-este-ante-organismos-de-paraguay-y-brasil\/","title":{"rendered":"Presentaron proyecto del Corredor Metropolitano del Este ante organismos de Paraguay y Brasil"},"content":{"rendered":"\n<p>Esta semana se hizo una presentaci\u00f3n del proyecto del Corredor Metropolitano del Este (CMDE) ante autoridades y representantes de organismos de frontera de Paraguay y Brasil.<\/p>\n\n\n\n<p>La reuni\u00f3n se llev\u00f3 a cabo los d\u00edas 18 y 19 de mayo del corriente a\u00f1o en la sede de la Administraci\u00f3n de Aduana de la Terminal de Cargas del Km 12 \u2013 ALGESA, Ciudad del Este, departamento de Alto Paran\u00e1.<\/p>\n\n\n\n<p>El encuentro fue organizado por la Direcci\u00f3n Nacional de Aduanas &#8211; en su calidad de organismo coordinador del \u00c1rea de Control Integrado (ACI) de Paraguay \u2013 en coordinaci\u00f3n con la empresa contratista a cargo del desarrollo de las obras.<\/p>\n\n\n\n<p>Estuvieron presentes autoridades y representantes de organismos de frontera de ambos pa\u00edses, entre ellos; la Direcci\u00f3n General de Migraciones, Ministerio de Relaciones Exteriores, Ministerio de Obras P\u00fablicas y Comunicaciones (MOPC), Administraci\u00f3n Nacional de Navegaci\u00f3n y Puertos (ANNP), Servicio Nacional de Calidad y Sanidad Vegetal y de Semillas (SENAVE), Direcci\u00f3n Nacional de Transporte (DINATRAN), Direcci\u00f3n Nacional de Patrulla Caminera y Secretar\u00eda Nacional de Turismo.<\/p>\n\n\n\n<p>En representaci\u00f3n del MOPC, particip\u00f3 el director de Vialidad, Ing. Hugo Arce, entre otros funcionarios.<\/p>\n\n\n\n<p>Durante la reuni\u00f3n se dio a conocer los avances en la construcci\u00f3n del Puente de la Integraci\u00f3n, adem\u00e1s de los detalles t\u00e9cnicos de las obras desarrolladas actualmente y las que est\u00e1n a punto de iniciarse.&nbsp;<\/p>\n\n\n\n<p>Tambi\u00e9n se abordaron aspectos relacionados a la situaci\u00f3n actual del tr\u00e1nsito de camiones de cargas, facilitaci\u00f3n del tr\u00e1nsito sobre el Puente Internacional de la Amistad y proyectos futuros relacionados con la operatoria de ingreso y egreso del territorio paraguayo.<\/p>\n\n\n\n<p>El CMDE constituye un conjunto de obras complementarias al Puente de la Integraci\u00f3n que unir\u00e1 a las ciudades fronterizas de Presidente Franco (Paraguay) y Foz de Iguaz\u00fa (Brasil).<\/p>\n\n\n\n<p>Se compone de tres ejes principales que son: el acceso rural, el acceso urbano y el puente sobre el r\u00edo Monday, involucrando a las localidades de Presidente Franco, Ciudad del Este, Los Cedrales, Minga Guaz\u00fa y Hernandarias.&nbsp;<\/p>\n\n\n\n<p>Para el acceso rural se prev\u00e9 una v\u00eda asfaltada de 4 carriles (Lotes 1 y 2) que tendr\u00e1 una extensi\u00f3n de casi 31 km. Esta nueva carretera se conectar\u00e1 con el nuevo paso fronterizo, e incluye su intersecci\u00f3n con la Ruta Nacional PY02.&nbsp;<\/p>\n\n\n\n<p>En cuanto al acceso urbano o interconexi\u00f3n a la red existente, se trata de una obra de pavimentaci\u00f3n asf\u00e1ltica de km 4,6 km de longitud, en la ciudad de Presidente Franco. A esto hay que sumar el acceso a la ANNP; el acceso vial al segundo puente sobre el r\u00edo Paran\u00e1; la conexi\u00f3n con el acceso rural hasta la uni\u00f3n con el puente a ser construido sobre el r\u00edo Monday, as\u00ed como tambi\u00e9n incluye el refuerzo de caminos de servicios temporales.<\/p>\n\n\n\n<figure class=\"wp-block-image size-large\"><img loading=\"lazy\" decoding=\"async\" width=\"768\" height=\"1024\" src=\"https:\/\/radioparquecde.com\/wp-content\/uploads\/2022\/05\/283143859_323543559940732_3265649348052833655_n-768x1024.jpg\" alt=\"\" class=\"wp-image-2007\" srcset=\"https:\/\/radioparquecde.com\/wp-content\/uploads\/2022\/05\/283143859_323543559940732_3265649348052833655_n-768x1024.jpg 768w, https:\/\/radioparquecde.com\/wp-content\/uploads\/2022\/05\/283143859_323543559940732_3265649348052833655_n-225x300.jpg 225w, https:\/\/radioparquecde.com\/wp-content\/uploads\/2022\/05\/283143859_323543559940732_3265649348052833655_n.jpg 960w\" sizes=\"auto, (max-width: 768px) 100vw, 768px\" \/><\/figure>\n","protected":false},"excerpt":{"rendered":"<p>Esta semana se hizo una presentaci\u00f3n del proyecto del Corredor Metropolitano del Este (CMDE) ante&#8230;<\/p>\n","protected":false},"author":3,"featured_media":2009,"comment_status":"closed","ping_status":"closed","sticky":false,"template":"","format":"standard","meta":{"footnotes":""},"categories":[2,6],"tags":[],"class_list":["post-2005","post","type-post","status-publish","format-standard","has-post-thumbnail","hentry","category-destacadas","category-noticias"],"featured_image_urls":{"full":["https:\/\/radioparquecde.com\/wp-content\/uploads\/2022\/05\/282734898_323543513274070_2073261622734816353_n.jpg",1280,758,false],"thumbnail":["https:\/\/radioparquecde.com\/wp-content\/uploads\/2022\/05\/282734898_323543513274070_2073261622734816353_n-150x150.jpg",150,150,true],"medium":["https:\/\/radioparquecde.com\/wp-content\/uploads\/2022\/05\/282734898_323543513274070_2073261622734816353_n-300x178.jpg",300,178,true],"medium_large":["https:\/\/radioparquecde.com\/wp-content\/uploads\/2022\/05\/282734898_323543513274070_2073261622734816353_n-768x455.jpg",640,379,true],"large":["https:\/\/radioparquecde.com\/wp-content\/uploads\/2022\/05\/282734898_323543513274070_2073261622734816353_n-1024x606.jpg",640,379,true],"1536x1536":["https:\/\/radioparquecde.com\/wp-content\/uploads\/2022\/05\/282734898_323543513274070_2073261622734816353_n.jpg",1280,758,false],"2048x2048":["https:\/\/radioparquecde.com\/wp-content\/uploads\/2022\/05\/282734898_323543513274070_2073261622734816353_n.jpg",1280,758,false],"newsphere-slider-full":["https:\/\/radioparquecde.com\/wp-content\/uploads\/2022\/05\/282734898_323543513274070_2073261622734816353_n-1280x720.jpg",1280,720,true],"newsphere-featured":["https:\/\/radioparquecde.com\/wp-content\/uploads\/2022\/05\/282734898_323543513274070_2073261622734816353_n-1024x606.jpg",1024,606,true],"newsphere-medium":["https:\/\/radioparquecde.com\/wp-content\/uploads\/2022\/05\/282734898_323543513274070_2073261622734816353_n-720x380.jpg",720,380,true]},"author_info":{"display_name":"Editor","author_link":"https:\/\/radioparquecde.com\/index.php\/author\/editor\/"},"category_info":"<a href=\"https:\/\/radioparquecde.com\/index.php\/category\/noticias\/destacadas\/\" rel=\"category tag\">Destacadas<\/a> <a href=\"https:\/\/radioparquecde.com\/index.php\/category\/noticias\/\" rel=\"category tag\">Noticias<\/a>","tag_info":"Noticias","comment_count":"0","_links":{"self":[{"href":"https:\/\/radioparquecde.com\/index.php\/wp-json\/wp\/v2\/posts\/2005","targetHints":{"allow":["GET"]}}],"collection":[{"href":"https:\/\/radioparquecde.com\/index.php\/wp-json\/wp\/v2\/posts"}],"about":[{"href":"https:\/\/radioparquecde.com\/index.php\/wp-json\/wp\/v2\/types\/post"}],"author":[{"embeddable":true,"href":"https:\/\/radioparquecde.com\/index.php\/wp-json\/wp\/v2\/users\/3"}],"replies":[{"embeddable":true,"href":"https:\/\/radioparquecde.com\/index.php\/wp-json\/wp\/v2\/comments?post=2005"}],"version-history":[{"count":1,"href":"https:\/\/radioparquecde.com\/index.php\/wp-json\/wp\/v2\/posts\/2005\/revisions"}],"predecessor-version":[{"id":2010,"href":"https:\/\/radioparquecde.com\/index.php\/wp-json\/wp\/v2\/posts\/2005\/revisions\/2010"}],"wp:featuredmedia":[{"embeddable":true,"href":"https:\/\/radioparquecde.com\/index.php\/wp-json\/wp\/v2\/media\/2009"}],"wp:attachment":[{"href":"https:\/\/radioparquecde.com\/index.php\/wp-json\/wp\/v2\/media?parent=2005"}],"wp:term":[{"taxonomy":"category","embeddable":true,"href":"https:\/\/radioparquecde.com\/index.php\/wp-json\/wp\/v2\/categories?post=2005"},{"taxonomy":"post_tag","embeddable":true,"href":"https:\/\/radioparquecde.com\/index.php\/wp-json\/wp\/v2\/tags?post=2005"}],"curies":[{"name":"wp","href":"https:\/\/api.w.org\/{rel}","templated":true}]}}