{"id":2057,"date":"2022-05-23T08:54:08","date_gmt":"2022-05-23T12:54:08","guid":{"rendered":"https:\/\/radioparquecde.com\/?p=2057"},"modified":"2022-05-23T08:54:09","modified_gmt":"2022-05-23T12:54:09","slug":"una-pareja-fallecio-tras-el-choque-entre-una-camioneta-y-motocicleta-en-fram","status":"publish","type":"post","link":"https:\/\/radioparquecde.com\/index.php\/2022\/05\/23\/una-pareja-fallecio-tras-el-choque-entre-una-camioneta-y-motocicleta-en-fram\/","title":{"rendered":"Una pareja falleci\u00f3 tras el choque entre una camioneta y motocicleta en Fram"},"content":{"rendered":"\n<p>Una pareja falleci\u00f3 luego de que una camioneta haya chocado contra la motocicleta en la que iban a bordo. El hecho ocurri\u00f3 en sobre la ruta Graneros del Sur del distrito de Fram. El biciclo se quem\u00f3 durante el siniestro.<\/p>\n\n\n\n<p>Las v\u00edctimas fatales fueron identificadas como Carlos Daniel Franco Ledesma de 24 a\u00f1os y Ana Teresa Esp\u00ednola Da Silva de 32 a\u00f1os. Ambos se estaban dirigiendo a su domicilio cuando fueron embestidos por la camioneta Toyota Hilux que iba en la misma direcci\u00f3n . Seg\u00fan el suboficial Jos\u00e9 N\u00fa\u00f1ez, de la Comisar\u00eda 10 de Fram, la&nbsp; pareja fue arrastrada por aproximadamente 84 metros, lo que produjo el incendio.<\/p>\n\n\n\n<p>El conductor de la camioneta ya fue identificado y dio negativo al alcotest. El mismo aleg\u00f3 que la luz de un cami\u00f3n de gran porte, que iba en el carril contrario lo estaba encandilando y no se dio cuenta que el biciclo estaba en el lugar, mencion\u00f3 el suboficial N\u00fa\u00f1ez. Indic\u00f3 adem\u00e1s que la causa de muerte de la pareja, seg\u00fan el informe del m\u00e9dico forense, fue traumatismo de cr\u00e1neo y politraumatismo<\/p>\n\n\n\n<figure class=\"wp-block-image size-full\"><img loading=\"lazy\" decoding=\"async\" width=\"960\" height=\"540\" src=\"https:\/\/radioparquecde.com\/wp-content\/uploads\/2022\/05\/WhatsApp-Image-2022-05-23-at-5.36.18-AM.jpeg\" alt=\"\" class=\"wp-image-2059\" srcset=\"https:\/\/radioparquecde.com\/wp-content\/uploads\/2022\/05\/WhatsApp-Image-2022-05-23-at-5.36.18-AM.jpeg 960w, https:\/\/radioparquecde.com\/wp-content\/uploads\/2022\/05\/WhatsApp-Image-2022-05-23-at-5.36.18-AM-300x169.jpeg 300w, https:\/\/radioparquecde.com\/wp-content\/uploads\/2022\/05\/WhatsApp-Image-2022-05-23-at-5.36.18-AM-768x432.jpeg 768w\" sizes=\"auto, (max-width: 960px) 100vw, 960px\" \/><\/figure>\n","protected":false},"excerpt":{"rendered":"<p>Una pareja falleci\u00f3 luego de que una camioneta haya chocado contra la motocicleta en la&#8230;<\/p>\n","protected":false},"author":3,"featured_media":2060,"comment_status":"closed","ping_status":"closed","sticky":false,"template":"","format":"standard","meta":{"footnotes":""},"categories":[2,6],"tags":[],"class_list":["post-2057","post","type-post","status-publish","format-standard","has-post-thumbnail","hentry","category-destacadas","category-noticias"],"featured_image_urls":{"full":["https:\/\/radioparquecde.com\/wp-content\/uploads\/2022\/05\/WhatsApp-Image-2022-05-23-at-5.36.18-AM-1.jpeg",960,540,false],"thumbnail":["https:\/\/radioparquecde.com\/wp-content\/uploads\/2022\/05\/WhatsApp-Image-2022-05-23-at-5.36.18-AM-1-150x150.jpeg",150,150,true],"medium":["https:\/\/radioparquecde.com\/wp-content\/uploads\/2022\/05\/WhatsApp-Image-2022-05-23-at-5.36.18-AM-1-300x169.jpeg",300,169,true],"medium_large":["https:\/\/radioparquecde.com\/wp-content\/uploads\/2022\/05\/WhatsApp-Image-2022-05-23-at-5.36.18-AM-1-768x432.jpeg",640,360,true],"large":["https:\/\/radioparquecde.com\/wp-content\/uploads\/2022\/05\/WhatsApp-Image-2022-05-23-at-5.36.18-AM-1.jpeg",640,360,false],"1536x1536":["https:\/\/radioparquecde.com\/wp-content\/uploads\/2022\/05\/WhatsApp-Image-2022-05-23-at-5.36.18-AM-1.jpeg",960,540,false],"2048x2048":["https:\/\/radioparquecde.com\/wp-content\/uploads\/2022\/05\/WhatsApp-Image-2022-05-23-at-5.36.18-AM-1.jpeg",960,540,false],"newsphere-slider-full":["https:\/\/radioparquecde.com\/wp-content\/uploads\/2022\/05\/WhatsApp-Image-2022-05-23-at-5.36.18-AM-1.jpeg",960,540,false],"newsphere-featured":["https:\/\/radioparquecde.com\/wp-content\/uploads\/2022\/05\/WhatsApp-Image-2022-05-23-at-5.36.18-AM-1.jpeg",960,540,false],"newsphere-medium":["https:\/\/radioparquecde.com\/wp-content\/uploads\/2022\/05\/WhatsApp-Image-2022-05-23-at-5.36.18-AM-1-720x380.jpeg",720,380,true]},"author_info":{"display_name":"Editor","author_link":"https:\/\/radioparquecde.com\/index.php\/author\/editor\/"},"category_info":"<a href=\"https:\/\/radioparquecde.com\/index.php\/category\/noticias\/destacadas\/\" rel=\"category tag\">Destacadas<\/a> <a href=\"https:\/\/radioparquecde.com\/index.php\/category\/noticias\/\" rel=\"category tag\">Noticias<\/a>","tag_info":"Noticias","comment_count":"0","_links":{"self":[{"href":"https:\/\/radioparquecde.com\/index.php\/wp-json\/wp\/v2\/posts\/2057","targetHints":{"allow":["GET"]}}],"collection":[{"href":"https:\/\/radioparquecde.com\/index.php\/wp-json\/wp\/v2\/posts"}],"about":[{"href":"https:\/\/radioparquecde.com\/index.php\/wp-json\/wp\/v2\/types\/post"}],"author":[{"embeddable":true,"href":"https:\/\/radioparquecde.com\/index.php\/wp-json\/wp\/v2\/users\/3"}],"replies":[{"embeddable":true,"href":"https:\/\/radioparquecde.com\/index.php\/wp-json\/wp\/v2\/comments?post=2057"}],"version-history":[{"count":1,"href":"https:\/\/radioparquecde.com\/index.php\/wp-json\/wp\/v2\/posts\/2057\/revisions"}],"predecessor-version":[{"id":2061,"href":"https:\/\/radioparquecde.com\/index.php\/wp-json\/wp\/v2\/posts\/2057\/revisions\/2061"}],"wp:featuredmedia":[{"embeddable":true,"href":"https:\/\/radioparquecde.com\/index.php\/wp-json\/wp\/v2\/media\/2060"}],"wp:attachment":[{"href":"https:\/\/radioparquecde.com\/index.php\/wp-json\/wp\/v2\/media?parent=2057"}],"wp:term":[{"taxonomy":"category","embeddable":true,"href":"https:\/\/radioparquecde.com\/index.php\/wp-json\/wp\/v2\/categories?post=2057"},{"taxonomy":"post_tag","embeddable":true,"href":"https:\/\/radioparquecde.com\/index.php\/wp-json\/wp\/v2\/tags?post=2057"}],"curies":[{"name":"wp","href":"https:\/\/api.w.org\/{rel}","templated":true}]}}