{"id":2074,"date":"2022-05-23T11:12:48","date_gmt":"2022-05-23T15:12:48","guid":{"rendered":"https:\/\/radioparquecde.com\/?p=2074"},"modified":"2022-05-23T11:12:49","modified_gmt":"2022-05-23T15:12:49","slug":"rescatan-a-ninos-de-4-anos-abandonados-en-una-casa-cuando-uno-dormia-el-otro-le-cuidaba","status":"publish","type":"post","link":"https:\/\/radioparquecde.com\/index.php\/2022\/05\/23\/rescatan-a-ninos-de-4-anos-abandonados-en-una-casa-cuando-uno-dormia-el-otro-le-cuidaba\/","title":{"rendered":"Rescatan a ni\u00f1os de 4 a\u00f1os abandonados en una casa: \u201cCuando uno dorm\u00eda el otro le cuidaba\u201d"},"content":{"rendered":"\n<p>Dos ni\u00f1os mellizos de cuatro a\u00f1os fueron rescatados de una vivienda en J. Augusto Saldivar. Los mismos se encontraban en su hogar abandonados por dos d\u00edas, seg\u00fan comentaron a la Polic\u00eda. La comisaria Arsenia Caballero mencion\u00f3 que los ni\u00f1os \u201ccuando uno dorm\u00eda el otro le cuidaba\u201d. Adem\u00e1s manifest\u00f3 que hasta el momento no identificaron a los padres.<\/p>\n\n\n\n<p>Arsenia Caballero, jefa de la Comisar\u00eda 20 de J. Augusto Sald\u00edvar dijo que los vecinos denunciaron al percatarse que los ni\u00f1os estaban solos dentro de la vivienda.<\/p>\n\n\n\n<p>Sostuvo que la Defensor\u00eda del Menor intervino en el caso y se\u00f1al\u00f3 que la investigaci\u00f3n est\u00e1 a cargo de la fiscala Rocio Enciso de la&nbsp; Fiscal\u00eda de J. Augusto Sald\u00edvar.<\/p>\n\n\n\n<p>\u201cAyer recibimos la llamada del 911 de que hab\u00edan dos menores abandonados. Llamamos a la Codeni para realizar el procedimiento. Seg\u00fan los vecinos hace dos d\u00edas se encontraban solos en el lugar\u201d, coment\u00f3.<\/p>\n\n\n\n<p>\u201cLos mellizos tienen 4 a\u00f1itos y hablan perfectamente, pero estaban muy asustados. Dijeron que cuando uno se dorm\u00eda el otro le cuidaba\u201d, relat\u00f3.<\/p>\n\n\n\n<figure class=\"wp-block-image size-full\"><img loading=\"lazy\" decoding=\"async\" width=\"730\" height=\"515\" src=\"https:\/\/radioparquecde.com\/wp-content\/uploads\/2022\/05\/WhatsApp-Image-2022-05-23-at-10.15.30-AM.jpeg\" alt=\"\" class=\"wp-image-2076\" srcset=\"https:\/\/radioparquecde.com\/wp-content\/uploads\/2022\/05\/WhatsApp-Image-2022-05-23-at-10.15.30-AM.jpeg 730w, https:\/\/radioparquecde.com\/wp-content\/uploads\/2022\/05\/WhatsApp-Image-2022-05-23-at-10.15.30-AM-300x212.jpeg 300w\" sizes=\"auto, (max-width: 730px) 100vw, 730px\" \/><\/figure>\n","protected":false},"excerpt":{"rendered":"<p>Dos ni\u00f1os mellizos de cuatro a\u00f1os fueron rescatados de una vivienda en J. Augusto Saldivar&#8230;.<\/p>\n","protected":false},"author":3,"featured_media":2077,"comment_status":"closed","ping_status":"closed","sticky":false,"template":"","format":"standard","meta":{"footnotes":""},"categories":[20,6],"tags":[],"class_list":["post-2074","post","type-post","status-publish","format-standard","has-post-thumbnail","hentry","category-nacionales","category-noticias"],"featured_image_urls":{"full":["https:\/\/radioparquecde.com\/wp-content\/uploads\/2022\/05\/WhatsApp-Image-2022-05-23-at-10.15.30-AM-1.jpeg",730,515,false],"thumbnail":["https:\/\/radioparquecde.com\/wp-content\/uploads\/2022\/05\/WhatsApp-Image-2022-05-23-at-10.15.30-AM-1-150x150.jpeg",150,150,true],"medium":["https:\/\/radioparquecde.com\/wp-content\/uploads\/2022\/05\/WhatsApp-Image-2022-05-23-at-10.15.30-AM-1-300x212.jpeg",300,212,true],"medium_large":["https:\/\/radioparquecde.com\/wp-content\/uploads\/2022\/05\/WhatsApp-Image-2022-05-23-at-10.15.30-AM-1.jpeg",640,452,false],"large":["https:\/\/radioparquecde.com\/wp-content\/uploads\/2022\/05\/WhatsApp-Image-2022-05-23-at-10.15.30-AM-1.jpeg",640,452,false],"1536x1536":["https:\/\/radioparquecde.com\/wp-content\/uploads\/2022\/05\/WhatsApp-Image-2022-05-23-at-10.15.30-AM-1.jpeg",730,515,false],"2048x2048":["https:\/\/radioparquecde.com\/wp-content\/uploads\/2022\/05\/WhatsApp-Image-2022-05-23-at-10.15.30-AM-1.jpeg",730,515,false],"newsphere-slider-full":["https:\/\/radioparquecde.com\/wp-content\/uploads\/2022\/05\/WhatsApp-Image-2022-05-23-at-10.15.30-AM-1.jpeg",730,515,false],"newsphere-featured":["https:\/\/radioparquecde.com\/wp-content\/uploads\/2022\/05\/WhatsApp-Image-2022-05-23-at-10.15.30-AM-1.jpeg",730,515,false],"newsphere-medium":["https:\/\/radioparquecde.com\/wp-content\/uploads\/2022\/05\/WhatsApp-Image-2022-05-23-at-10.15.30-AM-1-720x380.jpeg",720,380,true]},"author_info":{"display_name":"Editor","author_link":"https:\/\/radioparquecde.com\/index.php\/author\/editor\/"},"category_info":"<a href=\"https:\/\/radioparquecde.com\/index.php\/category\/noticias\/nacionales\/\" rel=\"category tag\">Nacionales<\/a> <a href=\"https:\/\/radioparquecde.com\/index.php\/category\/noticias\/\" rel=\"category tag\">Noticias<\/a>","tag_info":"Noticias","comment_count":"0","_links":{"self":[{"href":"https:\/\/radioparquecde.com\/index.php\/wp-json\/wp\/v2\/posts\/2074","targetHints":{"allow":["GET"]}}],"collection":[{"href":"https:\/\/radioparquecde.com\/index.php\/wp-json\/wp\/v2\/posts"}],"about":[{"href":"https:\/\/radioparquecde.com\/index.php\/wp-json\/wp\/v2\/types\/post"}],"author":[{"embeddable":true,"href":"https:\/\/radioparquecde.com\/index.php\/wp-json\/wp\/v2\/users\/3"}],"replies":[{"embeddable":true,"href":"https:\/\/radioparquecde.com\/index.php\/wp-json\/wp\/v2\/comments?post=2074"}],"version-history":[{"count":1,"href":"https:\/\/radioparquecde.com\/index.php\/wp-json\/wp\/v2\/posts\/2074\/revisions"}],"predecessor-version":[{"id":2078,"href":"https:\/\/radioparquecde.com\/index.php\/wp-json\/wp\/v2\/posts\/2074\/revisions\/2078"}],"wp:featuredmedia":[{"embeddable":true,"href":"https:\/\/radioparquecde.com\/index.php\/wp-json\/wp\/v2\/media\/2077"}],"wp:attachment":[{"href":"https:\/\/radioparquecde.com\/index.php\/wp-json\/wp\/v2\/media?parent=2074"}],"wp:term":[{"taxonomy":"category","embeddable":true,"href":"https:\/\/radioparquecde.com\/index.php\/wp-json\/wp\/v2\/categories?post=2074"},{"taxonomy":"post_tag","embeddable":true,"href":"https:\/\/radioparquecde.com\/index.php\/wp-json\/wp\/v2\/tags?post=2074"}],"curies":[{"name":"wp","href":"https:\/\/api.w.org\/{rel}","templated":true}]}}