{"id":2181,"date":"2022-05-25T09:08:43","date_gmt":"2022-05-25T13:08:43","guid":{"rendered":"https:\/\/radioparquecde.com\/?p=2181"},"modified":"2022-05-25T09:08:44","modified_gmt":"2022-05-25T13:08:44","slug":"aparecen-las-4-mujeres-reportadas-como-desaparecidas-en-horqueta","status":"publish","type":"post","link":"https:\/\/radioparquecde.com\/index.php\/2022\/05\/25\/aparecen-las-4-mujeres-reportadas-como-desaparecidas-en-horqueta\/","title":{"rendered":"Aparecen las 4 mujeres reportadas como desaparecidas en Horqueta"},"content":{"rendered":"\n<p>La joven de 21 a\u00f1os a\u00f1os y las tres adolescentes que estaban desaparecidas en Horqueta fueron encontradas en la zona de la terminal de \u00f3mnibus de Pedro Juan Caballero, Amambay.<\/p>\n\n\n\n<p>El comisario Mario Vallejos, subjefe de Antisecuestro de la Polic\u00eda Nacional, confirm\u00f3 que las cuatro personas aparecieron en la ma\u00f1ana de este mi\u00e9rcoles en la zona de la terminal de Pedro Juan Caballero, en el Departamento de Amambay.<\/p>\n\n\n\n<p>La joven y tres adolescentes, reportadas como desaparecidas en Horqueta, Concepci\u00f3n, fueron encontradas juntas por la Polic\u00eda local.<\/p>\n\n\n\n<p>\u00abEn el transcurrir de las horas vamos a saber la circunstancias y los motivos\u00bb, se\u00f1al\u00f3 el comisario a la radio. No obstante, se\u00f1al\u00f3 que hay varias informaciones al respecto, que se tendr\u00e1n que profundizar m\u00e1s con los familiares de las adolescentes para determinar las responsabilidades.<\/p>\n\n\n\n<figure class=\"wp-block-image size-full\"><img loading=\"lazy\" decoding=\"async\" width=\"416\" height=\"604\" src=\"https:\/\/radioparquecde.com\/wp-content\/uploads\/2022\/05\/capture-20220525-090456.png\" alt=\"\" class=\"wp-image-2183\" srcset=\"https:\/\/radioparquecde.com\/wp-content\/uploads\/2022\/05\/capture-20220525-090456.png 416w, https:\/\/radioparquecde.com\/wp-content\/uploads\/2022\/05\/capture-20220525-090456-207x300.png 207w\" sizes=\"auto, (max-width: 416px) 100vw, 416px\" \/><\/figure>\n","protected":false},"excerpt":{"rendered":"<p>La joven de 21 a\u00f1os a\u00f1os y las tres adolescentes que estaban desaparecidas en Horqueta&#8230;<\/p>\n","protected":false},"author":3,"featured_media":2184,"comment_status":"closed","ping_status":"closed","sticky":false,"template":"","format":"standard","meta":{"footnotes":""},"categories":[20,6],"tags":[],"class_list":["post-2181","post","type-post","status-publish","format-standard","has-post-thumbnail","hentry","category-nacionales","category-noticias"],"featured_image_urls":{"full":["https:\/\/radioparquecde.com\/wp-content\/uploads\/2022\/05\/capture-20220525-090456-1.png",416,604,false],"thumbnail":["https:\/\/radioparquecde.com\/wp-content\/uploads\/2022\/05\/capture-20220525-090456-1-150x150.png",150,150,true],"medium":["https:\/\/radioparquecde.com\/wp-content\/uploads\/2022\/05\/capture-20220525-090456-1-207x300.png",207,300,true],"medium_large":["https:\/\/radioparquecde.com\/wp-content\/uploads\/2022\/05\/capture-20220525-090456-1.png",416,604,false],"large":["https:\/\/radioparquecde.com\/wp-content\/uploads\/2022\/05\/capture-20220525-090456-1.png",416,604,false],"1536x1536":["https:\/\/radioparquecde.com\/wp-content\/uploads\/2022\/05\/capture-20220525-090456-1.png",416,604,false],"2048x2048":["https:\/\/radioparquecde.com\/wp-content\/uploads\/2022\/05\/capture-20220525-090456-1.png",416,604,false],"newsphere-slider-full":["https:\/\/radioparquecde.com\/wp-content\/uploads\/2022\/05\/capture-20220525-090456-1.png",416,604,false],"newsphere-featured":["https:\/\/radioparquecde.com\/wp-content\/uploads\/2022\/05\/capture-20220525-090456-1.png",416,604,false],"newsphere-medium":["https:\/\/radioparquecde.com\/wp-content\/uploads\/2022\/05\/capture-20220525-090456-1-416x380.png",416,380,true]},"author_info":{"display_name":"Editor","author_link":"https:\/\/radioparquecde.com\/index.php\/author\/editor\/"},"category_info":"<a href=\"https:\/\/radioparquecde.com\/index.php\/category\/noticias\/nacionales\/\" rel=\"category tag\">Nacionales<\/a> <a href=\"https:\/\/radioparquecde.com\/index.php\/category\/noticias\/\" rel=\"category tag\">Noticias<\/a>","tag_info":"Noticias","comment_count":"0","_links":{"self":[{"href":"https:\/\/radioparquecde.com\/index.php\/wp-json\/wp\/v2\/posts\/2181","targetHints":{"allow":["GET"]}}],"collection":[{"href":"https:\/\/radioparquecde.com\/index.php\/wp-json\/wp\/v2\/posts"}],"about":[{"href":"https:\/\/radioparquecde.com\/index.php\/wp-json\/wp\/v2\/types\/post"}],"author":[{"embeddable":true,"href":"https:\/\/radioparquecde.com\/index.php\/wp-json\/wp\/v2\/users\/3"}],"replies":[{"embeddable":true,"href":"https:\/\/radioparquecde.com\/index.php\/wp-json\/wp\/v2\/comments?post=2181"}],"version-history":[{"count":1,"href":"https:\/\/radioparquecde.com\/index.php\/wp-json\/wp\/v2\/posts\/2181\/revisions"}],"predecessor-version":[{"id":2185,"href":"https:\/\/radioparquecde.com\/index.php\/wp-json\/wp\/v2\/posts\/2181\/revisions\/2185"}],"wp:featuredmedia":[{"embeddable":true,"href":"https:\/\/radioparquecde.com\/index.php\/wp-json\/wp\/v2\/media\/2184"}],"wp:attachment":[{"href":"https:\/\/radioparquecde.com\/index.php\/wp-json\/wp\/v2\/media?parent=2181"}],"wp:term":[{"taxonomy":"category","embeddable":true,"href":"https:\/\/radioparquecde.com\/index.php\/wp-json\/wp\/v2\/categories?post=2181"},{"taxonomy":"post_tag","embeddable":true,"href":"https:\/\/radioparquecde.com\/index.php\/wp-json\/wp\/v2\/tags?post=2181"}],"curies":[{"name":"wp","href":"https:\/\/api.w.org\/{rel}","templated":true}]}}