{"id":2356,"date":"2022-05-30T15:04:40","date_gmt":"2022-05-30T19:04:40","guid":{"rendered":"https:\/\/radioparquecde.com\/?p=2356"},"modified":"2022-05-30T15:04:42","modified_gmt":"2022-05-30T19:04:42","slug":"madre-implora-recuperar-a-ninas-alemanas-desaparecidas-me-rompe-el-corazon","status":"publish","type":"post","link":"https:\/\/radioparquecde.com\/index.php\/2022\/05\/30\/madre-implora-recuperar-a-ninas-alemanas-desaparecidas-me-rompe-el-corazon\/","title":{"rendered":"Madre implora recuperar a ni\u00f1as alemanas desaparecidas: \u201cMe rompe el coraz\u00f3n\u201d"},"content":{"rendered":"\n<p>Dos ni\u00f1as alemanas de 10 y 11 a\u00f1os est\u00e1n desaparecidas en Paraguay desde finales de noviembre del 2021. Ambas habr\u00edan ingresado de manera ilegal desde la ciudad de Essen, Alemania, primero en Colonia Independencia y luego en Villarrica, en el departamento de Guair\u00e1.<\/p>\n\n\n\n<p>Sobre el caso se brind\u00f3 una conferencia de prensa desde la Fiscal\u00eda a partir las 11:00 de este lunes, ocasi\u00f3n en la que Anne Reiniger-Egler, la madre de una las ni\u00f1as, rog\u00f3 por ayuda para encontrar a la peque\u00f1a. Adem\u00e1s, autoridades paraguayas se\u00f1alaron que contin\u00faan las labores para hallar a las menores.<\/p>\n\n\n\n<p>\u201cPor favor tengan un coraz\u00f3n para nuestras ni\u00f1as y ay\u00fadenos en nuestra b\u00fasqueda, soy una madre desesperada. Hija, me rompe el coraz\u00f3n de que no est\u00e9s con nosotros, siento que tambi\u00e9n nos extra\u00f1as\u201d, expres\u00f3 Anne Reiniger-Egler, madre de Clara Magdalena, en conferencia de prensa realizada desde la Fiscal\u00eda este lunes.<\/p>\n\n\n\n<p>Andreas Rainer Egler, de 46 a\u00f1os, ser\u00eda el culpable de la desaparici\u00f3n de las peque\u00f1as y estar\u00eda en el pa\u00eds junto con su pareja Anna Mar\u00eda Eggler, quien tambi\u00e9n ingres\u00f3 al pa\u00eds tras fugarse de Alemania con su hija. Ambos son negadores del COVID-19 y sobre las dos personas pesa una orden de captura nivel rojo de Interpol.<\/p>\n\n\n\n<figure class=\"wp-block-image size-full\"><img loading=\"lazy\" decoding=\"async\" width=\"500\" height=\"261\" src=\"https:\/\/radioparquecde.com\/wp-content\/uploads\/2022\/05\/safe_image-3.jpg\" alt=\"\" class=\"wp-image-2357\" srcset=\"https:\/\/radioparquecde.com\/wp-content\/uploads\/2022\/05\/safe_image-3.jpg 500w, https:\/\/radioparquecde.com\/wp-content\/uploads\/2022\/05\/safe_image-3-300x157.jpg 300w\" sizes=\"auto, (max-width: 500px) 100vw, 500px\" \/><\/figure>\n","protected":false},"excerpt":{"rendered":"<p>Dos ni\u00f1as alemanas de 10 y 11 a\u00f1os est\u00e1n desaparecidas en Paraguay desde finales de&#8230;<\/p>\n","protected":false},"author":3,"featured_media":0,"comment_status":"closed","ping_status":"closed","sticky":false,"template":"","format":"standard","meta":{"footnotes":""},"categories":[1],"tags":[],"class_list":["post-2356","post","type-post","status-publish","format-standard","hentry","category-uncategorized"],"featured_image_urls":{"full":"","thumbnail":"","medium":"","medium_large":"","large":"","1536x1536":"","2048x2048":"","newsphere-slider-full":"","newsphere-featured":"","newsphere-medium":""},"author_info":{"display_name":"Editor","author_link":"https:\/\/radioparquecde.com\/index.php\/author\/editor\/"},"category_info":"<a href=\"https:\/\/radioparquecde.com\/index.php\/category\/uncategorized\/\" rel=\"category tag\">Uncategorized<\/a>","tag_info":"Uncategorized","comment_count":"0","_links":{"self":[{"href":"https:\/\/radioparquecde.com\/index.php\/wp-json\/wp\/v2\/posts\/2356","targetHints":{"allow":["GET"]}}],"collection":[{"href":"https:\/\/radioparquecde.com\/index.php\/wp-json\/wp\/v2\/posts"}],"about":[{"href":"https:\/\/radioparquecde.com\/index.php\/wp-json\/wp\/v2\/types\/post"}],"author":[{"embeddable":true,"href":"https:\/\/radioparquecde.com\/index.php\/wp-json\/wp\/v2\/users\/3"}],"replies":[{"embeddable":true,"href":"https:\/\/radioparquecde.com\/index.php\/wp-json\/wp\/v2\/comments?post=2356"}],"version-history":[{"count":1,"href":"https:\/\/radioparquecde.com\/index.php\/wp-json\/wp\/v2\/posts\/2356\/revisions"}],"predecessor-version":[{"id":2358,"href":"https:\/\/radioparquecde.com\/index.php\/wp-json\/wp\/v2\/posts\/2356\/revisions\/2358"}],"wp:attachment":[{"href":"https:\/\/radioparquecde.com\/index.php\/wp-json\/wp\/v2\/media?parent=2356"}],"wp:term":[{"taxonomy":"category","embeddable":true,"href":"https:\/\/radioparquecde.com\/index.php\/wp-json\/wp\/v2\/categories?post=2356"},{"taxonomy":"post_tag","embeddable":true,"href":"https:\/\/radioparquecde.com\/index.php\/wp-json\/wp\/v2\/tags?post=2356"}],"curies":[{"name":"wp","href":"https:\/\/api.w.org\/{rel}","templated":true}]}}