{"id":2366,"date":"2022-05-30T18:08:15","date_gmt":"2022-05-30T22:08:15","guid":{"rendered":"https:\/\/radioparquecde.com\/?p=2366"},"modified":"2022-05-30T18:08:17","modified_gmt":"2022-05-30T22:08:17","slug":"rossel-cristaldo-camacho-y-bogarin-con-mejor-posicion-de-ser-ministro-de-tsje-afirma-arevalo","status":"publish","type":"post","link":"https:\/\/radioparquecde.com\/index.php\/2022\/05\/30\/rossel-cristaldo-camacho-y-bogarin-con-mejor-posicion-de-ser-ministro-de-tsje-afirma-arevalo\/","title":{"rendered":"Rossel, Cristaldo, Camacho y Bogar\u00edn con mejor posici\u00f3n de ser ministro de TSJE, afirma Ar\u00e9valo"},"content":{"rendered":"\n<p><strong>El senador Mart\u00edn Ar\u00e9valo afirm\u00f3 que los ternados C\u00e9sar Rossel, Jorge Bogar\u00edn, Myriam Cristaldo y Emilio Camacho cuentan con una mejor posici\u00f3n para ser designados como ministros del Tribunal Superior de Justicia Electoral (TSJE).<\/strong><\/p>\n\n\n\n<p>\u201cHoy tuvimos la reuni\u00f3n y convocamos a los seis postulantes de las dos ternas. Era un requisito que deb\u00edamos cumplir. Creo que los seis no tienen ning\u00fan impedimento legal ni t\u00e9cnico. Son buenas personas y profesionales. Hemos dictaminado que los seis est\u00e1n habilitados para ser elegidos ministros\u201d, afirm\u00f3.<\/p>\n\n\n\n<p>\u201cDe la primera terna Rossel me sorprendi\u00f3, tiene una buena capacidad y conocimiento. Tambi\u00e9n Camacho estuvo bien. En la otra terna Jorge Bogar\u00edn se desempe\u00f1\u00f3 bastante bien y lo mismo Myriam Cristaldo, maneja al dedillo los temas jur\u00eddicos y electorales\u201d, asever\u00f3.<\/p>\n\n\n\n<p>\ufeff<\/p>\n\n\n\n<figure class=\"wp-block-image size-large\"><img loading=\"lazy\" decoding=\"async\" width=\"1024\" height=\"501\" src=\"https:\/\/radioparquecde.com\/wp-content\/uploads\/2022\/05\/tsje-3-1-1536x752-1-1024x501.jpg\" alt=\"\" class=\"wp-image-2368\" srcset=\"https:\/\/radioparquecde.com\/wp-content\/uploads\/2022\/05\/tsje-3-1-1536x752-1-1024x501.jpg 1024w, https:\/\/radioparquecde.com\/wp-content\/uploads\/2022\/05\/tsje-3-1-1536x752-1-300x147.jpg 300w, https:\/\/radioparquecde.com\/wp-content\/uploads\/2022\/05\/tsje-3-1-1536x752-1-768x376.jpg 768w, https:\/\/radioparquecde.com\/wp-content\/uploads\/2022\/05\/tsje-3-1-1536x752-1.jpg 1536w\" sizes=\"auto, (max-width: 1024px) 100vw, 1024px\" \/><\/figure>\n\n\n\n<h2 class=\"wp-block-heading\" id=\"h-yoast-seo-premium\">Yoast SEO Premium<\/h2>\n","protected":false},"excerpt":{"rendered":"<p>El senador Mart\u00edn Ar\u00e9valo afirm\u00f3 que los ternados C\u00e9sar Rossel, Jorge Bogar\u00edn, Myriam Cristaldo y&#8230;<\/p>\n","protected":false},"author":3,"featured_media":2368,"comment_status":"closed","ping_status":"closed","sticky":false,"template":"","format":"standard","meta":{"footnotes":""},"categories":[2,6],"tags":[],"class_list":["post-2366","post","type-post","status-publish","format-standard","has-post-thumbnail","hentry","category-destacadas","category-noticias"],"featured_image_urls":{"full":["https:\/\/radioparquecde.com\/wp-content\/uploads\/2022\/05\/tsje-3-1-1536x752-1.jpg",1536,752,false],"thumbnail":["https:\/\/radioparquecde.com\/wp-content\/uploads\/2022\/05\/tsje-3-1-1536x752-1-150x150.jpg",150,150,true],"medium":["https:\/\/radioparquecde.com\/wp-content\/uploads\/2022\/05\/tsje-3-1-1536x752-1-300x147.jpg",300,147,true],"medium_large":["https:\/\/radioparquecde.com\/wp-content\/uploads\/2022\/05\/tsje-3-1-1536x752-1-768x376.jpg",640,313,true],"large":["https:\/\/radioparquecde.com\/wp-content\/uploads\/2022\/05\/tsje-3-1-1536x752-1-1024x501.jpg",640,313,true],"1536x1536":["https:\/\/radioparquecde.com\/wp-content\/uploads\/2022\/05\/tsje-3-1-1536x752-1.jpg",1536,752,false],"2048x2048":["https:\/\/radioparquecde.com\/wp-content\/uploads\/2022\/05\/tsje-3-1-1536x752-1.jpg",1536,752,false],"newsphere-slider-full":["https:\/\/radioparquecde.com\/wp-content\/uploads\/2022\/05\/tsje-3-1-1536x752-1-1280x720.jpg",1280,720,true],"newsphere-featured":["https:\/\/radioparquecde.com\/wp-content\/uploads\/2022\/05\/tsje-3-1-1536x752-1-1024x501.jpg",1024,501,true],"newsphere-medium":["https:\/\/radioparquecde.com\/wp-content\/uploads\/2022\/05\/tsje-3-1-1536x752-1-720x380.jpg",720,380,true]},"author_info":{"display_name":"Editor","author_link":"https:\/\/radioparquecde.com\/index.php\/author\/editor\/"},"category_info":"<a href=\"https:\/\/radioparquecde.com\/index.php\/category\/noticias\/destacadas\/\" rel=\"category tag\">Destacadas<\/a> <a href=\"https:\/\/radioparquecde.com\/index.php\/category\/noticias\/\" rel=\"category tag\">Noticias<\/a>","tag_info":"Noticias","comment_count":"0","_links":{"self":[{"href":"https:\/\/radioparquecde.com\/index.php\/wp-json\/wp\/v2\/posts\/2366","targetHints":{"allow":["GET"]}}],"collection":[{"href":"https:\/\/radioparquecde.com\/index.php\/wp-json\/wp\/v2\/posts"}],"about":[{"href":"https:\/\/radioparquecde.com\/index.php\/wp-json\/wp\/v2\/types\/post"}],"author":[{"embeddable":true,"href":"https:\/\/radioparquecde.com\/index.php\/wp-json\/wp\/v2\/users\/3"}],"replies":[{"embeddable":true,"href":"https:\/\/radioparquecde.com\/index.php\/wp-json\/wp\/v2\/comments?post=2366"}],"version-history":[{"count":1,"href":"https:\/\/radioparquecde.com\/index.php\/wp-json\/wp\/v2\/posts\/2366\/revisions"}],"predecessor-version":[{"id":2369,"href":"https:\/\/radioparquecde.com\/index.php\/wp-json\/wp\/v2\/posts\/2366\/revisions\/2369"}],"wp:featuredmedia":[{"embeddable":true,"href":"https:\/\/radioparquecde.com\/index.php\/wp-json\/wp\/v2\/media\/2368"}],"wp:attachment":[{"href":"https:\/\/radioparquecde.com\/index.php\/wp-json\/wp\/v2\/media?parent=2366"}],"wp:term":[{"taxonomy":"category","embeddable":true,"href":"https:\/\/radioparquecde.com\/index.php\/wp-json\/wp\/v2\/categories?post=2366"},{"taxonomy":"post_tag","embeddable":true,"href":"https:\/\/radioparquecde.com\/index.php\/wp-json\/wp\/v2\/tags?post=2366"}],"curies":[{"name":"wp","href":"https:\/\/api.w.org\/{rel}","templated":true}]}}