{"id":2400,"date":"2022-05-31T14:30:00","date_gmt":"2022-05-31T18:30:00","guid":{"rendered":"https:\/\/radioparquecde.com\/?p=2400"},"modified":"2022-05-31T14:30:05","modified_gmt":"2022-05-31T18:30:05","slug":"intento-de-asesinato-en-pjc-autor-del-hecho-y-victima-serian-conocidos-dice-comisario","status":"publish","type":"post","link":"https:\/\/radioparquecde.com\/index.php\/2022\/05\/31\/intento-de-asesinato-en-pjc-autor-del-hecho-y-victima-serian-conocidos-dice-comisario\/","title":{"rendered":"Intento de asesinato en PJC: \u201cAutor del hecho y v\u00edctima ser\u00edan conocidos\u201d, dice comisario"},"content":{"rendered":"\n<p>El comisario Javier Flores, jefe de investigaciones de Amambay, manifest\u00f3 que est\u00e1 ma\u00f1ana ocurri\u00f3 un hecho en el que un hombre result\u00f3 con heridas de arma de fuego. Sostuvo que aparentemente el autor del hecho y la v\u00edctima ser\u00edan \u201cconocidos\u201d. La v\u00edctima fue identificada como Marcio Vera.<\/p>\n\n\n\n<p>\u201cManejamos la informaci\u00f3n de que ellos marcaron un encuentro.<\/p>\n\n\n\n<p>&nbsp;El hecho ocurri\u00f3 hace aproximadamente una hora. No confirmamos que sea un acto de sicariato ya que ambos se conocen. Est\u00e1 siendo asistido en un centro asistencial\u201d, expres\u00f3.<\/p>\n\n\n\n<p>Se\u00f1al\u00f3 que a\u00fan desconocen la identidad del presunto autor del hecho.<\/p>\n\n\n\n<figure class=\"wp-block-image size-full\"><img loading=\"lazy\" decoding=\"async\" width=\"770\" height=\"578\" src=\"https:\/\/radioparquecde.com\/wp-content\/uploads\/2022\/05\/L2B62OXPSVEY7FVSCHK3Q2PHSM.jpeg\" alt=\"\" class=\"wp-image-2402\" srcset=\"https:\/\/radioparquecde.com\/wp-content\/uploads\/2022\/05\/L2B62OXPSVEY7FVSCHK3Q2PHSM.jpeg 770w, https:\/\/radioparquecde.com\/wp-content\/uploads\/2022\/05\/L2B62OXPSVEY7FVSCHK3Q2PHSM-300x225.jpeg 300w, https:\/\/radioparquecde.com\/wp-content\/uploads\/2022\/05\/L2B62OXPSVEY7FVSCHK3Q2PHSM-768x576.jpeg 768w\" sizes=\"auto, (max-width: 770px) 100vw, 770px\" \/><\/figure>\n","protected":false},"excerpt":{"rendered":"<p>El comisario Javier Flores, jefe de investigaciones de Amambay, manifest\u00f3 que est\u00e1 ma\u00f1ana ocurri\u00f3 un&#8230;<\/p>\n","protected":false},"author":3,"featured_media":2403,"comment_status":"closed","ping_status":"closed","sticky":false,"template":"","format":"standard","meta":{"footnotes":""},"categories":[2,6],"tags":[],"class_list":["post-2400","post","type-post","status-publish","format-standard","has-post-thumbnail","hentry","category-destacadas","category-noticias"],"featured_image_urls":{"full":["https:\/\/radioparquecde.com\/wp-content\/uploads\/2022\/05\/L2B62OXPSVEY7FVSCHK3Q2PHSM-1.jpeg",770,578,false],"thumbnail":["https:\/\/radioparquecde.com\/wp-content\/uploads\/2022\/05\/L2B62OXPSVEY7FVSCHK3Q2PHSM-1-150x150.jpeg",150,150,true],"medium":["https:\/\/radioparquecde.com\/wp-content\/uploads\/2022\/05\/L2B62OXPSVEY7FVSCHK3Q2PHSM-1-300x225.jpeg",300,225,true],"medium_large":["https:\/\/radioparquecde.com\/wp-content\/uploads\/2022\/05\/L2B62OXPSVEY7FVSCHK3Q2PHSM-1-768x576.jpeg",640,480,true],"large":["https:\/\/radioparquecde.com\/wp-content\/uploads\/2022\/05\/L2B62OXPSVEY7FVSCHK3Q2PHSM-1.jpeg",640,480,false],"1536x1536":["https:\/\/radioparquecde.com\/wp-content\/uploads\/2022\/05\/L2B62OXPSVEY7FVSCHK3Q2PHSM-1.jpeg",770,578,false],"2048x2048":["https:\/\/radioparquecde.com\/wp-content\/uploads\/2022\/05\/L2B62OXPSVEY7FVSCHK3Q2PHSM-1.jpeg",770,578,false],"newsphere-slider-full":["https:\/\/radioparquecde.com\/wp-content\/uploads\/2022\/05\/L2B62OXPSVEY7FVSCHK3Q2PHSM-1.jpeg",770,578,false],"newsphere-featured":["https:\/\/radioparquecde.com\/wp-content\/uploads\/2022\/05\/L2B62OXPSVEY7FVSCHK3Q2PHSM-1.jpeg",770,578,false],"newsphere-medium":["https:\/\/radioparquecde.com\/wp-content\/uploads\/2022\/05\/L2B62OXPSVEY7FVSCHK3Q2PHSM-1-720x380.jpeg",720,380,true]},"author_info":{"display_name":"Editor","author_link":"https:\/\/radioparquecde.com\/index.php\/author\/editor\/"},"category_info":"<a href=\"https:\/\/radioparquecde.com\/index.php\/category\/noticias\/destacadas\/\" rel=\"category tag\">Destacadas<\/a> <a href=\"https:\/\/radioparquecde.com\/index.php\/category\/noticias\/\" rel=\"category tag\">Noticias<\/a>","tag_info":"Noticias","comment_count":"0","_links":{"self":[{"href":"https:\/\/radioparquecde.com\/index.php\/wp-json\/wp\/v2\/posts\/2400","targetHints":{"allow":["GET"]}}],"collection":[{"href":"https:\/\/radioparquecde.com\/index.php\/wp-json\/wp\/v2\/posts"}],"about":[{"href":"https:\/\/radioparquecde.com\/index.php\/wp-json\/wp\/v2\/types\/post"}],"author":[{"embeddable":true,"href":"https:\/\/radioparquecde.com\/index.php\/wp-json\/wp\/v2\/users\/3"}],"replies":[{"embeddable":true,"href":"https:\/\/radioparquecde.com\/index.php\/wp-json\/wp\/v2\/comments?post=2400"}],"version-history":[{"count":1,"href":"https:\/\/radioparquecde.com\/index.php\/wp-json\/wp\/v2\/posts\/2400\/revisions"}],"predecessor-version":[{"id":2404,"href":"https:\/\/radioparquecde.com\/index.php\/wp-json\/wp\/v2\/posts\/2400\/revisions\/2404"}],"wp:featuredmedia":[{"embeddable":true,"href":"https:\/\/radioparquecde.com\/index.php\/wp-json\/wp\/v2\/media\/2403"}],"wp:attachment":[{"href":"https:\/\/radioparquecde.com\/index.php\/wp-json\/wp\/v2\/media?parent=2400"}],"wp:term":[{"taxonomy":"category","embeddable":true,"href":"https:\/\/radioparquecde.com\/index.php\/wp-json\/wp\/v2\/categories?post=2400"},{"taxonomy":"post_tag","embeddable":true,"href":"https:\/\/radioparquecde.com\/index.php\/wp-json\/wp\/v2\/tags?post=2400"}],"curies":[{"name":"wp","href":"https:\/\/api.w.org\/{rel}","templated":true}]}}