{"id":2410,"date":"2022-06-01T08:08:04","date_gmt":"2022-06-01T12:08:04","guid":{"rendered":"https:\/\/radioparquecde.com\/?p=2410"},"modified":"2022-06-01T08:08:09","modified_gmt":"2022-06-01T12:08:09","slug":"detienen-al-hombre-que-habria-prestado-su-camioneta-a-los-padres-de-ninas-alemanas-desaparecidas","status":"publish","type":"post","link":"https:\/\/radioparquecde.com\/index.php\/2022\/06\/01\/detienen-al-hombre-que-habria-prestado-su-camioneta-a-los-padres-de-ninas-alemanas-desaparecidas\/","title":{"rendered":"Detienen al hombre que habr\u00eda prestado su camioneta a los padres de ni\u00f1as alemanas desaparecidas"},"content":{"rendered":"\n<p>Este martes a la tarde en Villarrica fue detenido un hombre que ser\u00eda el propietario de la camioneta con el que se estaban trasladando la pareja de alemanes con las dos ni\u00f1as desaparecidas. El mismo en su declaraci\u00f3n hab\u00eda referido que es mec\u00e1nico y conoci\u00f3 a estas personas a trav\u00e9s de un cliente de Bella Vista.<\/p>\n\n\n\n<p>El hombre fue identificado como Diego Mart\u00ednez y hab\u00eda declarado que prest\u00f3 la camioneta a la pareja de alemanes hace un mes atr\u00e1s. Asimismo cont\u00f3 que los mismos le preguntaron un lugar donde vacacionar, por lo que \u00e9l les recomend\u00f3 el hospedaje de su t\u00eda ubicado en Hohenau, Itap\u00faa, mencion\u00f3 el comisario Cristian C\u00e1ceres, jefe de Investigaciones de Guair\u00e1. Sin embargo, tras averiguaciones pudieron corroborar que el rodado fue retirado reci\u00e9n el s\u00e1bado pasado.<\/p>\n\n\n\n<p>Seg\u00fan el comisario, el hombre incluso hab\u00eda pagado G. 2 millones por la pareja por su estad\u00eda en el hospedaje de su t\u00eda, pero el monto le fue devuelto ya que a los alemanes no les gust\u00f3 el sitio.&nbsp; Agreg\u00f3 que el mismo entr\u00f3 en varias contradicciones durante su declaraci\u00f3n, ya que primeramente hab\u00eda dicho que un pariente suyo le hab\u00eda presentado a la pareja de alemanes pero luego refiri\u00f3 de que fue un cliente.<\/p>\n\n\n\n<p>Se\u00f1al\u00f3 adem\u00e1s que su t\u00eda se enter\u00f3 de la desaparici\u00f3n de las ni\u00f1as a trav\u00e9s de las publicaciones de los medios de comunicaci\u00f3n, por lo que aconsej\u00f3 a su sobrino denunciar el hecho, pero \u00e9l se neg\u00f3, raz\u00f3n por la cual presumen que \u00e9l sabr\u00eda de la ubicaci\u00f3n de la pareja y de las menores desaparecidas. Mencion\u00f3 adem\u00e1s que a trav\u00e9s de un circuito cerrado pudieron observar que una persona baj\u00f3 de la camioneta Nissan y subi\u00f3 a otra de la marca Mitsubishi Tripton donde estar\u00edan los alemanes.<\/p>\n\n\n\n<p>Agreg\u00f3 que el hombre no cuenta con antecedentes y ya fue remitido al departamento de Antisecuestros de Asunci\u00f3n.<\/p>\n\n\n\n<figure class=\"wp-block-image size-full\"><img loading=\"lazy\" decoding=\"async\" width=\"506\" height=\"504\" src=\"https:\/\/radioparquecde.com\/wp-content\/uploads\/2022\/06\/detenido-villarrica.jpg\" alt=\"\" class=\"wp-image-2412\" srcset=\"https:\/\/radioparquecde.com\/wp-content\/uploads\/2022\/06\/detenido-villarrica.jpg 506w, https:\/\/radioparquecde.com\/wp-content\/uploads\/2022\/06\/detenido-villarrica-300x300.jpg 300w, https:\/\/radioparquecde.com\/wp-content\/uploads\/2022\/06\/detenido-villarrica-150x150.jpg 150w\" sizes=\"auto, (max-width: 506px) 100vw, 506px\" \/><\/figure>\n","protected":false},"excerpt":{"rendered":"<p>Este martes a la tarde en Villarrica fue detenido un hombre que ser\u00eda el propietario&#8230;<\/p>\n","protected":false},"author":3,"featured_media":2413,"comment_status":"closed","ping_status":"closed","sticky":false,"template":"","format":"standard","meta":{"footnotes":""},"categories":[2,6],"tags":[],"class_list":["post-2410","post","type-post","status-publish","format-standard","has-post-thumbnail","hentry","category-destacadas","category-noticias"],"featured_image_urls":{"full":["https:\/\/radioparquecde.com\/wp-content\/uploads\/2022\/06\/detenido-villarrica-1.jpg",506,504,false],"thumbnail":["https:\/\/radioparquecde.com\/wp-content\/uploads\/2022\/06\/detenido-villarrica-1-150x150.jpg",150,150,true],"medium":["https:\/\/radioparquecde.com\/wp-content\/uploads\/2022\/06\/detenido-villarrica-1-300x300.jpg",300,300,true],"medium_large":["https:\/\/radioparquecde.com\/wp-content\/uploads\/2022\/06\/detenido-villarrica-1.jpg",506,504,false],"large":["https:\/\/radioparquecde.com\/wp-content\/uploads\/2022\/06\/detenido-villarrica-1.jpg",506,504,false],"1536x1536":["https:\/\/radioparquecde.com\/wp-content\/uploads\/2022\/06\/detenido-villarrica-1.jpg",506,504,false],"2048x2048":["https:\/\/radioparquecde.com\/wp-content\/uploads\/2022\/06\/detenido-villarrica-1.jpg",506,504,false],"newsphere-slider-full":["https:\/\/radioparquecde.com\/wp-content\/uploads\/2022\/06\/detenido-villarrica-1.jpg",506,504,false],"newsphere-featured":["https:\/\/radioparquecde.com\/wp-content\/uploads\/2022\/06\/detenido-villarrica-1.jpg",506,504,false],"newsphere-medium":["https:\/\/radioparquecde.com\/wp-content\/uploads\/2022\/06\/detenido-villarrica-1-506x380.jpg",506,380,true]},"author_info":{"display_name":"Editor","author_link":"https:\/\/radioparquecde.com\/index.php\/author\/editor\/"},"category_info":"<a href=\"https:\/\/radioparquecde.com\/index.php\/category\/noticias\/destacadas\/\" rel=\"category tag\">Destacadas<\/a> <a href=\"https:\/\/radioparquecde.com\/index.php\/category\/noticias\/\" rel=\"category tag\">Noticias<\/a>","tag_info":"Noticias","comment_count":"0","_links":{"self":[{"href":"https:\/\/radioparquecde.com\/index.php\/wp-json\/wp\/v2\/posts\/2410","targetHints":{"allow":["GET"]}}],"collection":[{"href":"https:\/\/radioparquecde.com\/index.php\/wp-json\/wp\/v2\/posts"}],"about":[{"href":"https:\/\/radioparquecde.com\/index.php\/wp-json\/wp\/v2\/types\/post"}],"author":[{"embeddable":true,"href":"https:\/\/radioparquecde.com\/index.php\/wp-json\/wp\/v2\/users\/3"}],"replies":[{"embeddable":true,"href":"https:\/\/radioparquecde.com\/index.php\/wp-json\/wp\/v2\/comments?post=2410"}],"version-history":[{"count":1,"href":"https:\/\/radioparquecde.com\/index.php\/wp-json\/wp\/v2\/posts\/2410\/revisions"}],"predecessor-version":[{"id":2414,"href":"https:\/\/radioparquecde.com\/index.php\/wp-json\/wp\/v2\/posts\/2410\/revisions\/2414"}],"wp:featuredmedia":[{"embeddable":true,"href":"https:\/\/radioparquecde.com\/index.php\/wp-json\/wp\/v2\/media\/2413"}],"wp:attachment":[{"href":"https:\/\/radioparquecde.com\/index.php\/wp-json\/wp\/v2\/media?parent=2410"}],"wp:term":[{"taxonomy":"category","embeddable":true,"href":"https:\/\/radioparquecde.com\/index.php\/wp-json\/wp\/v2\/categories?post=2410"},{"taxonomy":"post_tag","embeddable":true,"href":"https:\/\/radioparquecde.com\/index.php\/wp-json\/wp\/v2\/tags?post=2410"}],"curies":[{"name":"wp","href":"https:\/\/api.w.org\/{rel}","templated":true}]}}